{"id":24153,"date":"2017-08-07T00:43:53","date_gmt":"2017-08-07T03:43:53","guid":{"rendered":"http:\/\/www.sincomam.org.br\/?p=24153"},"modified":"2017-08-06T17:45:10","modified_gmt":"2017-08-06T20:45:10","slug":"se-nao-fizermos-nada-setor-de-petroleo-vai-parar","status":"publish","type":"post","link":"https:\/\/www.sincomam.org.br\/index.php\/se-nao-fizermos-nada-setor-de-petroleo-vai-parar\/","title":{"rendered":"Se n\u00e3o fizermos nada, setor de petr\u00f3leo vai parar"},"content":{"rendered":"<p>Embora demonstre otimismo com a procura pelos leil\u00f5es de \u00e1reas petrol\u00edferas que o governo vai realizar neste ano, o diretor-geral da ANP (Ag\u00eancia Nacional do Petr\u00f3leo, G\u00e1s Natural e Biocombust\u00edveis), D\u00e9cio Oddone, diz que uma das prioridades no momento \u00e9 destravar investimentos de curto prazo.<\/p>\n<p>&#8220;Se n\u00e3o fizermos nada, vamos contratar o decl\u00ednio e a paralisia da ind\u00fastria de petr\u00f3leo no Brasil&#8221;, afirmou, em entrevista \u00e0 Folha.<\/p>\n<p>Com a crise da Petrobras e a suspens\u00e3o dos leil\u00f5es de novas \u00e1reas entre 2008 e 2013, por\u00e9m, o setor vive hoje um cen\u00e1rio de baixa atividade e alto desemprego.<\/p>\n<p><strong>Crise da Petrobras<\/strong><\/p>\n<p>Em 2017, s\u00f3 sete po\u00e7os explorat\u00f3rios foram perfurados no pa\u00eds \u2013em 2011, foram 238. A situa\u00e7\u00e3o tem fortes impactos econ\u00f4micos e sociais nas cidades dependentes da ind\u00fastria petrol\u00edfera, conforme mostrou reportagem da Folha publicada neste s\u00e1bado (5).<\/p>\n<p>O governo prev\u00ea tr\u00eas leil\u00f5es de petr\u00f3leo ainda em 2017 \u2013dois deles do pr\u00e9-sal e um do p\u00f3s-sal. Oddone evita falar em n\u00fameros, mas diz que a procura por este \u00faltimo, o \u00fanico com a fase de inscri\u00e7\u00f5es j\u00e1 aberta, \u00e9 &#8220;muito boa&#8221;.<\/p>\n<p>Com as novas ofertas, a expectativa \u00e9 atrair investimentos de R$ 260 bilh\u00f5es na perfura\u00e7\u00e3o de 300 po\u00e7os e na implanta\u00e7\u00e3o de 17 novas unidades de produ\u00e7\u00e3o de petr\u00f3leo.<\/p>\n<p>Esses recursos, por\u00e9m, s\u00f3 come\u00e7ar\u00e3o a movimentar a economia na pr\u00f3xima d\u00e9cada, j\u00e1 que o per\u00edodo m\u00e9dio entre o leil\u00e3o e a perfura\u00e7\u00e3o dos primeiros po\u00e7os \u00e9 de tr\u00eas anos.<\/p>\n<p>&#8220;O foco \u00e9, dado o momento em que o pa\u00eds est\u00e1 passando, como \u00e9 que a gente sobrevive no curto prazo.&#8221;<\/p>\n<p>Nesse sentido, ele defende medidas que a ANP vem anunciando para destravar o investimento em \u00e1reas j\u00e1 licitadas, como a redu\u00e7\u00e3o do conte\u00fado local (exig\u00eancias contratuais de compras no pa\u00eds), uma pol\u00edtica de perd\u00e3o para quem n\u00e3o cumprir as exig\u00eancias e a redu\u00e7\u00e3o dos royalties em algumas \u00e1reas.<\/p>\n<p>Nas contas da ANP, h\u00e1 hoje R$ 250 bilh\u00f5es em investimentos travados por quest\u00f5es regulat\u00f3rias ou comerciais. Seriam 1.050 po\u00e7os e 20 novas plataformas mar\u00edtimas.<\/p>\n<p>Os n\u00fameros, por\u00e9m, consideram \u00e1reas concedidas \u00e0 Petrobras, que enfrenta sua pr\u00f3pria crise e tem postergado investimentos.<\/p>\n<p>O mercado conta tamb\u00e9m com a venda de ativos da Petrobras para ajudar na retomada da atividade. Na semana passada, a empresa anunciou negocia\u00e7\u00f5es para transferir 30 \u00e1reas em \u00e1guas rasas, 13 delas na bacia de Campos.<\/p>\n<p>A empresa tamb\u00e9m j\u00e1 anunciou o interesse em se desfazer de \u00e1reas terrestres, setor que ficou abandonado ap\u00f3s o redirecionamento dos recursos para o pr\u00e9-sal.<\/p>\n<p>A expectativa \u00e9 que empresas especializadas em recuperar reservat\u00f3rios mais antigos se interessem em investir para reverter o decl\u00ednio na curva de produ\u00e7\u00e3o das \u00e1reas.<\/p>\n<p>&#8220;Campos tem ainda perspectivas muito positivas&#8221;, afirma o professor da PUC-Rio Alfredo Renault, que tamb\u00e9m v\u00ea possibilidade de sucesso nos pr\u00f3ximos leil\u00f5es ap\u00f3s a implementa\u00e7\u00e3o de medidas para atrair as petroleiras.<\/p>\n<p>&#8220;Nossa expectativa \u00e9 que em 2018 novos investidores efetivem seus neg\u00f3cios aqui. Essa retomada teria impacto imediato na gera\u00e7\u00e3o de empregos&#8221;, diz Luis Henrique Fragoso, que preside a C\u00e2mara de Diretores Lojistas de Maca\u00e9 (Rio), uma das cidades mais atingidas pela crise.\u00a0<\/p>\n<p>Fonte: Folha SP<\/p>\n","protected":false},"excerpt":{"rendered":"<p>Embora demonstre otimismo com a procura pelos leil\u00f5es de \u00e1reas petrol\u00edferas que o governo vai realizar neste ano, o diretor-geral da ANP (Ag\u00eancia Nacional do&#8230;<\/p>\n","protected":false},"author":1182,"featured_media":19555,"comment_status":"closed","ping_status":"closed","sticky":false,"template":"","format":"standard","meta":{"footnotes":""},"categories":[6],"tags":[],"class_list":["post-24153","post","type-post","status-publish","format-standard","has-post-thumbnail","hentry","category-noticias"],"_links":{"self":[{"href":"https:\/\/www.sincomam.org.br\/index.php\/wp-json\/wp\/v2\/posts\/24153","targetHints":{"allow":["GET"]}}],"collection":[{"href":"https:\/\/www.sincomam.org.br\/index.php\/wp-json\/wp\/v2\/posts"}],"about":[{"href":"https:\/\/www.sincomam.org.br\/index.php\/wp-json\/wp\/v2\/types\/post"}],"author":[{"embeddable":true,"href":"https:\/\/www.sincomam.org.br\/index.php\/wp-json\/wp\/v2\/users\/1182"}],"replies":[{"embeddable":true,"href":"https:\/\/www.sincomam.org.br\/index.php\/wp-json\/wp\/v2\/comments?post=24153"}],"version-history":[{"count":1,"href":"https:\/\/www.sincomam.org.br\/index.php\/wp-json\/wp\/v2\/posts\/24153\/revisions"}],"predecessor-version":[{"id":24154,"href":"https:\/\/www.sincomam.org.br\/index.php\/wp-json\/wp\/v2\/posts\/24153\/revisions\/24154"}],"wp:featuredmedia":[{"embeddable":true,"href":"https:\/\/www.sincomam.org.br\/index.php\/wp-json\/wp\/v2\/media\/19555"}],"wp:attachment":[{"href":"https:\/\/www.sincomam.org.br\/index.php\/wp-json\/wp\/v2\/media?parent=24153"}],"wp:term":[{"taxonomy":"category","embeddable":true,"href":"https:\/\/www.sincomam.org.br\/index.php\/wp-json\/wp\/v2\/categories?post=24153"},{"taxonomy":"post_tag","embeddable":true,"href":"https:\/\/www.sincomam.org.br\/index.php\/wp-json\/wp\/v2\/tags?post=24153"}],"curies":[{"name":"wp","href":"https:\/\/api.w.org\/{rel}","templated":true}]}}