{"id":24135,"date":"2017-08-03T00:00:19","date_gmt":"2017-08-03T03:00:19","guid":{"rendered":"http:\/\/www.sincomam.org.br\/?p=24135"},"modified":"2017-08-01T08:31:35","modified_gmt":"2017-08-01T11:31:35","slug":"autoridades-participam-da-abertura-do-1o-encontro-da-navegacao-sustentavel-na-amazonia","status":"publish","type":"post","link":"https:\/\/www.sincomam.org.br\/index.php\/autoridades-participam-da-abertura-do-1o-encontro-da-navegacao-sustentavel-na-amazonia\/","title":{"rendered":"Autoridades participam da abertura do 1\u00ba Encontro da Navega\u00e7\u00e3o Sustent\u00e1vel na Amaz\u00f4nia"},"content":{"rendered":"<p>Aconteceu\u00a0em Santar\u00e9m, a abertura do 1\u00ba Encontro da Navega\u00e7\u00e3o Sustent\u00e1vel na Amaz\u00f4nia. O evento \u00e9 organizado pela ANTAQ, em parceria com a Companhia Docas do Par\u00e1, a prefeitura e a Funda\u00e7\u00e3o Esperan\u00e7a, al\u00e9m disso, faz parte a primeira a\u00e7\u00e3o do \u201cProjeto de Coleta Seletiva nas Embarca\u00e7\u00f5es de Passageiros da Navega\u00e7\u00e3o Interior na Regi\u00e3o Amaz\u00f4nica\u201d.<\/p>\n<p>Durante a abertura do evento, foi lan\u00e7ada a campanha \u201cRio Limpo, Amaz\u00f4nia Viva\u201d. Foi assinada, ainda, a Carta de Santar\u00e9m pelo diretor-geral da ANTAQ, Adalberto Tokarski, e pelo prefeito N\u00e9lio Aguiar.<\/p>\n<p>Para Tokarski, a ANTAQ sempre vem trabalhando para a sustentabilidade da Regi\u00e3o Amaz\u00f4nica. \u201cPrecisamos conscientizar o usu\u00e1rio. Precisamos ter os coletores adequados e a reciclagem, transformando o res\u00edduo em valor. A conscientiza\u00e7\u00e3o tem de ser de todos, e a ANTAQ \u00e9 mais uma parceira.<\/p>\n<p>\u201cA inten\u00e7\u00e3o da ANTAQ \u00e9 contribuir para a conscientiza\u00e7\u00e3o da popula\u00e7\u00e3o, \u00e9 dar o exemplo. \u00c9 fundamental que os res\u00edduos sejam descartados adequadamente, impedindo a propaga\u00e7\u00e3o de doen\u00e7as e mau cheiro, al\u00e9m desse lixo ser mat\u00e9ria para reciclagem. Essa melhoria no descarte de res\u00edduos vem com a\u00e7\u00f5es pr\u00e1ticas e rotineiras como essa que a Ag\u00eancia est\u00e1 realizando em Santar\u00e9m\u201d, destacou o diretor-geral da ANTAQ, Adalberto Tokarski, destacando que a Ag\u00eancia \u00e9 apenas uma pe\u00e7a nesse contexto.<\/p>\n<p>O prefeito de Santar\u00e9m, N\u00e9lio Aguiar, destacou o evento. Afirmou que a iniciativa da ANTAQ contribuir\u00e1 com a educa\u00e7\u00e3o ambiental do munic\u00edpio. \u201cPrecisamos conscientizar o cidad\u00e3o para que descarte seu res\u00edduo no lugar adequado. A consci\u00eancia ambiental \u00e9 um desafio. N\u00f3s utilizamos ainda muitos produtos descart\u00e1veis. Devemos reduzir essa utiliza\u00e7\u00e3o. A conscientiza\u00e7\u00e3o ambiental deve acontecer desde crian\u00e7a. Esse projeto tem de ser abra\u00e7ado pela sociedade e a sociedade j\u00e1 tem maturidade para preservar nossos rios. Agradecemos a ANTAQ por iniciar essa a\u00e7\u00e3o com a nossa cidade\u201d, disse.<\/p>\n<p>Para Vicente Ferreira Sales, administrador do porto de Santar\u00e9m, \u00e9 fundamental que essa a\u00e7\u00e3o alcance toda a Regi\u00e3o Amaz\u00f4nica. \u201cDevemos acabar com a contamina\u00e7\u00e3o dos nossos rios. Espero que esse projeto seja um primeiro passo para manter os nossos rios limpos.\u201d<\/p>\n<p>O diretor do Instituto Esperan\u00e7a, Juarez Souza, afirmou que a institui\u00e7\u00e3o sempre ser\u00e1 parceira de a\u00e7\u00f5es que visem desenvolver a Regi\u00e3o Amaz\u00f4nica. \u201cUma de nossas fun\u00e7\u00f5es \u00e9 apoiar projetos que possam contribuir para a sustentabilidade de nossa regi\u00e3o.\u201d<\/p>\n<p><strong>Temas<\/strong><\/p>\n<p>O evento contar\u00e1 com quatro blocos, quando ser\u00e3o discutidos diversos temas, entre eles a sustentabilidade da navega\u00e7\u00e3o interior; gest\u00e3o ambiental no transporte aquavi\u00e1rio; responsabilidade socioambiental da cidade de Santar\u00e9m; boas pr\u00e1ticas sanit\u00e1rias nas embarca\u00e7\u00f5es; turismo sustent\u00e1vel; educa\u00e7\u00e3o ambiental.<\/p>\n<p>Fonte: Antaq<\/p>\n","protected":false},"excerpt":{"rendered":"<p>Aconteceu\u00a0em Santar\u00e9m, a abertura do 1\u00ba Encontro da Navega\u00e7\u00e3o Sustent\u00e1vel na Amaz\u00f4nia. O evento \u00e9 organizado pela ANTAQ, em parceria com a Companhia Docas do&#8230;<\/p>\n","protected":false},"author":1182,"featured_media":5342,"comment_status":"closed","ping_status":"closed","sticky":false,"template":"","format":"standard","meta":{"footnotes":""},"categories":[6],"tags":[],"class_list":["post-24135","post","type-post","status-publish","format-standard","has-post-thumbnail","hentry","category-noticias"],"_links":{"self":[{"href":"https:\/\/www.sincomam.org.br\/index.php\/wp-json\/wp\/v2\/posts\/24135","targetHints":{"allow":["GET"]}}],"collection":[{"href":"https:\/\/www.sincomam.org.br\/index.php\/wp-json\/wp\/v2\/posts"}],"about":[{"href":"https:\/\/www.sincomam.org.br\/index.php\/wp-json\/wp\/v2\/types\/post"}],"author":[{"embeddable":true,"href":"https:\/\/www.sincomam.org.br\/index.php\/wp-json\/wp\/v2\/users\/1182"}],"replies":[{"embeddable":true,"href":"https:\/\/www.sincomam.org.br\/index.php\/wp-json\/wp\/v2\/comments?post=24135"}],"version-history":[{"count":1,"href":"https:\/\/www.sincomam.org.br\/index.php\/wp-json\/wp\/v2\/posts\/24135\/revisions"}],"predecessor-version":[{"id":24136,"href":"https:\/\/www.sincomam.org.br\/index.php\/wp-json\/wp\/v2\/posts\/24135\/revisions\/24136"}],"wp:featuredmedia":[{"embeddable":true,"href":"https:\/\/www.sincomam.org.br\/index.php\/wp-json\/wp\/v2\/media\/5342"}],"wp:attachment":[{"href":"https:\/\/www.sincomam.org.br\/index.php\/wp-json\/wp\/v2\/media?parent=24135"}],"wp:term":[{"taxonomy":"category","embeddable":true,"href":"https:\/\/www.sincomam.org.br\/index.php\/wp-json\/wp\/v2\/categories?post=24135"},{"taxonomy":"post_tag","embeddable":true,"href":"https:\/\/www.sincomam.org.br\/index.php\/wp-json\/wp\/v2\/tags?post=24135"}],"curies":[{"name":"wp","href":"https:\/\/api.w.org\/{rel}","templated":true}]}}