{"id":24133,"date":"2017-08-04T00:29:16","date_gmt":"2017-08-04T03:29:16","guid":{"rendered":"http:\/\/www.sincomam.org.br\/?p=24133"},"modified":"2017-08-01T08:30:15","modified_gmt":"2017-08-01T11:30:15","slug":"antaq-demonstra-preocupacao-com-malha-hidrica-devido-ao-acumulo-de-residuos","status":"publish","type":"post","link":"https:\/\/www.sincomam.org.br\/index.php\/antaq-demonstra-preocupacao-com-malha-hidrica-devido-ao-acumulo-de-residuos\/","title":{"rendered":"ANTAQ demonstra preocupa\u00e7\u00e3o com malha h\u00eddrica devido ao ac\u00famulo de res\u00edduos"},"content":{"rendered":"<p>Diretores da ANTAQ, Adalberto Tokarski (geral) e M\u00e1rio Povia, participaram durante o Bloco 1 do 1\u00ba Encontro da Navega\u00e7\u00e3o Sustent\u00e1vel na Amaz\u00f4nia<\/p>\n<p>\u201cA malha h\u00eddrica vem apresentando sinais de comprometimento pela disposi\u00e7\u00e3o inadequada de materiais n\u00e3o degrad\u00e1veis e ac\u00famulo de res\u00edduos diversos.\u201d A afirma\u00e7\u00e3o \u00e9 do diretor-geral da ANTAQ, Adalberto Tokarski, que palestrou durante o Bloco 1 do 1\u00ba Encontro da Navega\u00e7\u00e3o Sustent\u00e1vel na Amaz\u00f4nia, evento que acontece em Santar\u00e9m (PA). O tema da palestra foi \u201cANTAQ e Sustentabilidade da Navega\u00e7\u00e3o Interior\u201d.<\/p>\n<p>Tokarski listou os objetivos do Projeto de Coleta Seletiva nas Embarca\u00e7\u00f5es da Navega\u00e7\u00e3o Interior Mista na Regi\u00e3o Amaz\u00f4nica: aprimorar os procedimentos para gest\u00e3o dos res\u00edduos pelas embarca\u00e7\u00f5es e instala\u00e7\u00f5es portu\u00e1rias; apresentar cartilha sobre o tema para os passageiros; apresentar f\u00f4lder explicativo para a tripula\u00e7\u00e3o e instala\u00e7\u00e3o portu\u00e1ria.<\/p>\n<p>O diretor-geral informou que aproximadamente nove milh\u00f5es de passageiros por ano utilizam cerca de 600 embarca\u00e7\u00f5es que trafegam em 249 linhas longitudinais (dentro do estado) e em 59 linhas longitudinais interestaduais. Al\u00e9m disso, s\u00e3o 52 milh\u00f5es de toneladas movimentados no transporte longitudinal, levando-se em conta as navega\u00e7\u00f5es de longo curso, cabotagem e interior.<\/p>\n<p>O diretor da ANTAQ, M\u00e1rio Povia, foi o moderador do Bloco 1. Povia ressaltou a import\u00e2ncia da coleta seletiva nas embarca\u00e7\u00f5es. \u201c\u00c9 fundamental que haja essa conscientiza\u00e7\u00e3o, e a ANTAQ, com essa a\u00e7\u00e3o, vai ao encontro dessa educa\u00e7\u00e3o ambiental que deve envolver toda a comunidade. A coleta seletiva nas embarca\u00e7\u00f5es tamb\u00e9m faz parte da presta\u00e7\u00e3o de servi\u00e7o adequado que essas embarca\u00e7\u00f5es devem fazer para atender o usu\u00e1rio.\u201d<\/p>\n<p>O Bloco 1 contou tamb\u00e9m com a participa\u00e7\u00e3o de Cristiane Andrade, supervisora de Rela\u00e7\u00e3o Porto-Cidade e Meio Ambiente da Companhia Docas do Par\u00e1, que destacou a responsabilidade socioambiental da autoridade portu\u00e1ria e as a\u00e7\u00f5es que a CDP desenvolve com a comunidade, entre elas bal\u00e9, carat\u00ea, leitura de hist\u00f3rias e educa\u00e7\u00e3o ambiental.<\/p>\n<p>Cristiane Andrade tamb\u00e9m destacou o Projeto de Educa\u00e7\u00e3o Ambiental para Todos (Peat), que oferece a\u00e7\u00f5es de sensibiliza\u00e7\u00e3o junto aos passageiros e tripula\u00e7\u00e3o de embarca\u00e7\u00f5es fluviais visando estimular a pr\u00e1tica da coleta seletiva e, consequentemente, a melhoria da qualidade de vida da popula\u00e7\u00e3o, entre outras atividades.<\/p>\n<p>O gestor ambiental da Prefeitura de Santar\u00e9m, Jos\u00e9 Palheta, apresentou diversos conceitos relacionados ao meio ambiente e dados sobre a coleta de res\u00edduos que acontece em Santar\u00e9m. No munic\u00edpio, 70% da coleta acontece \u00e0 noite. A cidade conta com oito caminh\u00f5es compactadores e uma van de coleta de res\u00edduo hospitalar.<\/p>\n<p>Fonte: Antaq<\/p>\n","protected":false},"excerpt":{"rendered":"<p>Diretores da ANTAQ, Adalberto Tokarski (geral) e M\u00e1rio Povia, participaram durante o Bloco 1 do 1\u00ba Encontro da Navega\u00e7\u00e3o Sustent\u00e1vel na Amaz\u00f4nia \u201cA malha h\u00eddrica&#8230;<\/p>\n","protected":false},"author":1182,"featured_media":20206,"comment_status":"closed","ping_status":"closed","sticky":false,"template":"","format":"standard","meta":{"footnotes":""},"categories":[6],"tags":[],"class_list":["post-24133","post","type-post","status-publish","format-standard","has-post-thumbnail","hentry","category-noticias"],"_links":{"self":[{"href":"https:\/\/www.sincomam.org.br\/index.php\/wp-json\/wp\/v2\/posts\/24133","targetHints":{"allow":["GET"]}}],"collection":[{"href":"https:\/\/www.sincomam.org.br\/index.php\/wp-json\/wp\/v2\/posts"}],"about":[{"href":"https:\/\/www.sincomam.org.br\/index.php\/wp-json\/wp\/v2\/types\/post"}],"author":[{"embeddable":true,"href":"https:\/\/www.sincomam.org.br\/index.php\/wp-json\/wp\/v2\/users\/1182"}],"replies":[{"embeddable":true,"href":"https:\/\/www.sincomam.org.br\/index.php\/wp-json\/wp\/v2\/comments?post=24133"}],"version-history":[{"count":1,"href":"https:\/\/www.sincomam.org.br\/index.php\/wp-json\/wp\/v2\/posts\/24133\/revisions"}],"predecessor-version":[{"id":24134,"href":"https:\/\/www.sincomam.org.br\/index.php\/wp-json\/wp\/v2\/posts\/24133\/revisions\/24134"}],"wp:featuredmedia":[{"embeddable":true,"href":"https:\/\/www.sincomam.org.br\/index.php\/wp-json\/wp\/v2\/media\/20206"}],"wp:attachment":[{"href":"https:\/\/www.sincomam.org.br\/index.php\/wp-json\/wp\/v2\/media?parent=24133"}],"wp:term":[{"taxonomy":"category","embeddable":true,"href":"https:\/\/www.sincomam.org.br\/index.php\/wp-json\/wp\/v2\/categories?post=24133"},{"taxonomy":"post_tag","embeddable":true,"href":"https:\/\/www.sincomam.org.br\/index.php\/wp-json\/wp\/v2\/tags?post=24133"}],"curies":[{"name":"wp","href":"https:\/\/api.w.org\/{rel}","templated":true}]}}