{"id":24114,"date":"2017-08-02T00:16:14","date_gmt":"2017-08-02T03:16:14","guid":{"rendered":"http:\/\/www.sincomam.org.br\/?p=24114"},"modified":"2017-08-01T08:17:06","modified_gmt":"2017-08-01T11:17:06","slug":"shell-ve-pico-no-consumo-de-petroleo-ate-2030-com-aumento-das-vendas-de-carros-eletricos","status":"publish","type":"post","link":"https:\/\/www.sincomam.org.br\/index.php\/shell-ve-pico-no-consumo-de-petroleo-ate-2030-com-aumento-das-vendas-de-carros-eletricos\/","title":{"rendered":"Shell v\u00ea pico no consumo de petr\u00f3leo at\u00e9 2030, com aumento das vendas de carros el\u00e9tricos"},"content":{"rendered":"<p>O consumo de petr\u00f3leo no mundo poderia atingir seu pico at\u00e9 o fim da pr\u00f3xima d\u00e9cada, j\u00e1 que os ve\u00edculos el\u00e9tricos est\u00e3o se tornando mais populares, disse o presidente da Royal Dutch Shell, Ben van Beurden.<\/p>\n<p>A perspectiva de um decl\u00ednio no consumo de petr\u00f3leo ap\u00f3s mais de um s\u00e9culo de crescimento, \u00e0 medida que o mundo opta por queimar combust\u00edveis mais limpos, est\u00e1 ganhando ritmo. Na quarta-feira, o Reino Unido anunciou planos de proibir ve\u00edculos a diesel e \u00e0 gasolina at\u00e9 2040, seguindo uma medida semelhante da Fran\u00e7a.<\/p>\n<p>&#8220;Eu acho que s\u00e3o an\u00fancios muito bem-vindos, eles tamb\u00e9m s\u00e3o an\u00fancios muito necess\u00e1rios&#8221;, disse van Beurden a rep\u00f3rteres ap\u00f3s a maior companhia de petr\u00f3leo da Europa reportar uma alta acentuada no lucro trimestral.<\/p>\n<p>No cen\u00e1rio mais agressivo projetado pela companhia anglo-holandesa, com ve\u00edculos \u00e0 bateria substituindo motores tradicionais de combust\u00e3o, o consumo de petr\u00f3leo atingir\u00e1 seu pico no in\u00edcio da d\u00e9cada de 2030, disse ele.<\/p>\n<p>Com o uso elevado de biocombust\u00edveis na mistura, a demanda pode atingir seu pico at\u00e9 o fim da d\u00e9cada de 2020, acrescentou.<\/p>\n<p>Mas o petr\u00f3leo ainda ser\u00e1 necess\u00e1rio por d\u00e9cadas, uma vez que provavelmente continuar\u00e1 sendo o principal combust\u00edvel para avi\u00f5es, navios e caminh\u00f5es pesados, disse van Beurden a rep\u00f3rteres.<\/p>\n<p>Fonte: Reuters<\/p>\n","protected":false},"excerpt":{"rendered":"<p>O consumo de petr\u00f3leo no mundo poderia atingir seu pico at\u00e9 o fim da pr\u00f3xima d\u00e9cada, j\u00e1 que os ve\u00edculos el\u00e9tricos est\u00e3o se tornando mais&#8230;<\/p>\n","protected":false},"author":1182,"featured_media":8031,"comment_status":"closed","ping_status":"closed","sticky":false,"template":"","format":"standard","meta":{"footnotes":""},"categories":[6],"tags":[],"class_list":["post-24114","post","type-post","status-publish","format-standard","has-post-thumbnail","hentry","category-noticias"],"_links":{"self":[{"href":"https:\/\/www.sincomam.org.br\/index.php\/wp-json\/wp\/v2\/posts\/24114","targetHints":{"allow":["GET"]}}],"collection":[{"href":"https:\/\/www.sincomam.org.br\/index.php\/wp-json\/wp\/v2\/posts"}],"about":[{"href":"https:\/\/www.sincomam.org.br\/index.php\/wp-json\/wp\/v2\/types\/post"}],"author":[{"embeddable":true,"href":"https:\/\/www.sincomam.org.br\/index.php\/wp-json\/wp\/v2\/users\/1182"}],"replies":[{"embeddable":true,"href":"https:\/\/www.sincomam.org.br\/index.php\/wp-json\/wp\/v2\/comments?post=24114"}],"version-history":[{"count":1,"href":"https:\/\/www.sincomam.org.br\/index.php\/wp-json\/wp\/v2\/posts\/24114\/revisions"}],"predecessor-version":[{"id":24115,"href":"https:\/\/www.sincomam.org.br\/index.php\/wp-json\/wp\/v2\/posts\/24114\/revisions\/24115"}],"wp:featuredmedia":[{"embeddable":true,"href":"https:\/\/www.sincomam.org.br\/index.php\/wp-json\/wp\/v2\/media\/8031"}],"wp:attachment":[{"href":"https:\/\/www.sincomam.org.br\/index.php\/wp-json\/wp\/v2\/media?parent=24114"}],"wp:term":[{"taxonomy":"category","embeddable":true,"href":"https:\/\/www.sincomam.org.br\/index.php\/wp-json\/wp\/v2\/categories?post=24114"},{"taxonomy":"post_tag","embeddable":true,"href":"https:\/\/www.sincomam.org.br\/index.php\/wp-json\/wp\/v2\/tags?post=24114"}],"curies":[{"name":"wp","href":"https:\/\/api.w.org\/{rel}","templated":true}]}}