{"id":24112,"date":"2017-08-02T00:14:15","date_gmt":"2017-08-02T03:14:15","guid":{"rendered":"http:\/\/www.sincomam.org.br\/?p=24112"},"modified":"2017-08-01T08:16:11","modified_gmt":"2017-08-01T11:16:11","slug":"setor-de-aco-ve-economia-fraca-e-espera-queda-em-vendas-em-2017","status":"publish","type":"post","link":"https:\/\/www.sincomam.org.br\/index.php\/setor-de-aco-ve-economia-fraca-e-espera-queda-em-vendas-em-2017\/","title":{"rendered":"Setor de a\u00e7o v\u00ea economia fraca e espera queda em vendas em 2017"},"content":{"rendered":"<p>As vendas internas de a\u00e7o no Brasil devem cair 1,3% em 2017, para 16,3 milh\u00f5es de toneladas, informou o Instituto A\u00e7o Brasil (IABr), ao rever previs\u00e3o divulgada em abril que previa crescimento de 1,3% nas vendas do setor.<\/p>\n<p>A entidade manteve a estimativa para a produ\u00e7\u00e3o de a\u00e7o no pa\u00eds neste ano em 32,47 milh\u00f5es de toneladas, alta de 3,8% ante 2016, em raz\u00e3o da expectativa melhor para as exporta\u00e7\u00f5es, que devem subir 9,1%, para cerca de 14,7 milh\u00f5es de toneladas.<\/p>\n<p>No primeiro semestre, a produ\u00e7\u00e3o brasileira de a\u00e7o bruto somou 16,7 milh\u00f5es de toneladas, uma alta de 12,4% ante o mesmo per\u00edodo do ano passado, enquanto as vendas internas recuaram 2%, para 8,05 milh\u00f5es de toneladas.<\/p>\n<p>Em junho, a produ\u00e7\u00e3o subiu 4% sobre um ano antes.<\/p>\n<p>O segmento de a\u00e7os longos foi o \u00fanico a apresentar queda na produ\u00e7\u00e3o no m\u00eas passado, refletindo a fraqueza da ind\u00fastria de constru\u00e7\u00e3o civil do pa\u00eds e escassez de projetos de infraestrutura.<\/p>\n<p>A produ\u00e7\u00e3o de a\u00e7os longos em junho foi 11,3% menor que a registrada um ano antes, a 714 mil toneladas, e ficou est\u00e1vel ante maio. J\u00e1 as vendas de laminados da categoria ca\u00edram 9,5% na mesma compara\u00e7\u00e3o, para 578 mil toneladas, encerrando o semestre em baixa de 10%, a 3,185 milh\u00f5es de toneladas.<\/p>\n<p>As exporta\u00e7\u00f5es, que tiveram alta anual de 9,2% entre janeiro e junho, foram respons\u00e1veis por compensar a lentid\u00e3o do mercado interno e puxadas pela base de compara\u00e7\u00e3o mais fraca com 2016, quando a Companhia Sider\u00fargica do Pec\u00e9m (CE) ainda n\u00e3o estava em plena opera\u00e7\u00e3o.<\/p>\n<p>&#8220;Na nossa vis\u00e3o, a economia brasileira n\u00e3o se recuperou e n\u00e3o vai se recuperar em 2017. A perspectiva do mercado interno \u00e9 muito dif\u00edcil, a sa\u00edda s\u00e3o as exporta\u00e7\u00f5es&#8221;, disse o presidente do IABr, Marco Polo de Mello Lopes.\u00a0<\/p>\n<p>Fonte: Folha SP<\/p>\n","protected":false},"excerpt":{"rendered":"<p>As vendas internas de a\u00e7o no Brasil devem cair 1,3% em 2017, para 16,3 milh\u00f5es de toneladas, informou o Instituto A\u00e7o Brasil (IABr), ao rever&#8230;<\/p>\n","protected":false},"author":1182,"featured_media":17907,"comment_status":"closed","ping_status":"closed","sticky":false,"template":"","format":"standard","meta":{"footnotes":""},"categories":[6],"tags":[],"class_list":["post-24112","post","type-post","status-publish","format-standard","has-post-thumbnail","hentry","category-noticias"],"_links":{"self":[{"href":"https:\/\/www.sincomam.org.br\/index.php\/wp-json\/wp\/v2\/posts\/24112","targetHints":{"allow":["GET"]}}],"collection":[{"href":"https:\/\/www.sincomam.org.br\/index.php\/wp-json\/wp\/v2\/posts"}],"about":[{"href":"https:\/\/www.sincomam.org.br\/index.php\/wp-json\/wp\/v2\/types\/post"}],"author":[{"embeddable":true,"href":"https:\/\/www.sincomam.org.br\/index.php\/wp-json\/wp\/v2\/users\/1182"}],"replies":[{"embeddable":true,"href":"https:\/\/www.sincomam.org.br\/index.php\/wp-json\/wp\/v2\/comments?post=24112"}],"version-history":[{"count":1,"href":"https:\/\/www.sincomam.org.br\/index.php\/wp-json\/wp\/v2\/posts\/24112\/revisions"}],"predecessor-version":[{"id":24113,"href":"https:\/\/www.sincomam.org.br\/index.php\/wp-json\/wp\/v2\/posts\/24112\/revisions\/24113"}],"wp:featuredmedia":[{"embeddable":true,"href":"https:\/\/www.sincomam.org.br\/index.php\/wp-json\/wp\/v2\/media\/17907"}],"wp:attachment":[{"href":"https:\/\/www.sincomam.org.br\/index.php\/wp-json\/wp\/v2\/media?parent=24112"}],"wp:term":[{"taxonomy":"category","embeddable":true,"href":"https:\/\/www.sincomam.org.br\/index.php\/wp-json\/wp\/v2\/categories?post=24112"},{"taxonomy":"post_tag","embeddable":true,"href":"https:\/\/www.sincomam.org.br\/index.php\/wp-json\/wp\/v2\/tags?post=24112"}],"curies":[{"name":"wp","href":"https:\/\/api.w.org\/{rel}","templated":true}]}}