{"id":24101,"date":"2017-08-01T00:59:05","date_gmt":"2017-08-01T03:59:05","guid":{"rendered":"http:\/\/www.sincomam.org.br\/?p=24101"},"modified":"2017-07-21T09:00:12","modified_gmt":"2017-07-21T12:00:12","slug":"comeca-disparada-de-fretes-dos-graos","status":"publish","type":"post","link":"https:\/\/www.sincomam.org.br\/index.php\/comeca-disparada-de-fretes-dos-graos\/","title":{"rendered":"Come\u00e7a disparada de fretes dos gr\u00e3os"},"content":{"rendered":"<p>Os pre\u00e7os para transportar gr\u00e3os pelo Brasil tendem a atingir, entre julho e setembro, patamares recorde para o per\u00edodo, pr\u00f3ximos dos praticados em janeiro e fevereiro, na colheita de ver\u00e3o. Isso em decorr\u00eancia da colheita recorde da segunda safra de milho, que ter\u00e1 de ser levada tanto para armaz\u00e9ns espalhados pelo pa\u00eds quanto para os portos.<\/p>\n<p>Segundo levantamento do grupo de pesquisa e extens\u00e3o em log\u00edstica da Escola Superior de Agricultura Luiz de Queir\u00f3z (EsalqLog), em agosto o aumento em rela\u00e7\u00e3o ao mesmo m\u00eas do ano passado na rota de refer\u00eancia entre Sorriso e Rondon\u00f3polis, em Mato Grosso, poder\u00e1 superar 35%. Entre Jata\u00ed, em Goi\u00e1s, e o porto de Santos, no litoral de S\u00e3o Paulo, a alta tende a atingir quase 14%, e dentro do Paran\u00e1 &#8211; entre Toledo e o porto de Paranagu\u00e1 -, \u00e9 esperado um incremento de 74,2%.<\/p>\n<p>Esta supersafra de milho precisa sair dos campos e ir para os armaz\u00e9ns das cooperativas e ind\u00fastrias. Mas a maior demanda ser\u00e1 para transporte aos portos, para exporta\u00e7\u00e3o. N\u00e3o importa o pre\u00e7o do milho, o cereal ter\u00e1 que sair do pa\u00eds porque aqui n\u00e3o h\u00e1 demanda interna suficiente&#8221;, diz Samuel da Silva Neto, pesquisador da EsalqLog.<\/p>\n<p>A Conab estima que a safrinha do ciclo 2016\/17 somar\u00e1 65,63 milh\u00f5es de toneladas, 61% mais que em 2015\/16, quando a produ\u00e7\u00e3o foi afetada por problemas clim\u00e1ticos. J\u00e1 as exporta\u00e7\u00f5es do gr\u00e3o colhido na primeira e na segunda safra dever\u00e1 somar 28 milh\u00f5es de toneladas, com crescimento de 48,1%.<\/p>\n<p>A necessidade de destinar boa parte da safrinha de milho para fora do pa\u00eds \u00e9 acentuada pelo fato de os produtores ainda n\u00e3o terem comercializado toda a safra de soja colhida em 2016\/17, devido \u00e0 queda nos pre\u00e7os. A estimativa \u00e9 que 70% da produ\u00e7\u00e3o da oleaginosa tenha sido vendida, ante 83% no mesmo per\u00edodo de 2015\/16, conforme a consultoria AgRural.<\/p>\n<p>Fonte: Suinoculturaindustrial<\/p>\n","protected":false},"excerpt":{"rendered":"<p>Os pre\u00e7os para transportar gr\u00e3os pelo Brasil tendem a atingir, entre julho e setembro, patamares recorde para o per\u00edodo, pr\u00f3ximos dos praticados em janeiro e&#8230;<\/p>\n","protected":false},"author":1182,"featured_media":18822,"comment_status":"closed","ping_status":"closed","sticky":false,"template":"","format":"standard","meta":{"footnotes":""},"categories":[6],"tags":[],"class_list":["post-24101","post","type-post","status-publish","format-standard","has-post-thumbnail","hentry","category-noticias"],"_links":{"self":[{"href":"https:\/\/www.sincomam.org.br\/index.php\/wp-json\/wp\/v2\/posts\/24101","targetHints":{"allow":["GET"]}}],"collection":[{"href":"https:\/\/www.sincomam.org.br\/index.php\/wp-json\/wp\/v2\/posts"}],"about":[{"href":"https:\/\/www.sincomam.org.br\/index.php\/wp-json\/wp\/v2\/types\/post"}],"author":[{"embeddable":true,"href":"https:\/\/www.sincomam.org.br\/index.php\/wp-json\/wp\/v2\/users\/1182"}],"replies":[{"embeddable":true,"href":"https:\/\/www.sincomam.org.br\/index.php\/wp-json\/wp\/v2\/comments?post=24101"}],"version-history":[{"count":1,"href":"https:\/\/www.sincomam.org.br\/index.php\/wp-json\/wp\/v2\/posts\/24101\/revisions"}],"predecessor-version":[{"id":24102,"href":"https:\/\/www.sincomam.org.br\/index.php\/wp-json\/wp\/v2\/posts\/24101\/revisions\/24102"}],"wp:featuredmedia":[{"embeddable":true,"href":"https:\/\/www.sincomam.org.br\/index.php\/wp-json\/wp\/v2\/media\/18822"}],"wp:attachment":[{"href":"https:\/\/www.sincomam.org.br\/index.php\/wp-json\/wp\/v2\/media?parent=24101"}],"wp:term":[{"taxonomy":"category","embeddable":true,"href":"https:\/\/www.sincomam.org.br\/index.php\/wp-json\/wp\/v2\/categories?post=24101"},{"taxonomy":"post_tag","embeddable":true,"href":"https:\/\/www.sincomam.org.br\/index.php\/wp-json\/wp\/v2\/tags?post=24101"}],"curies":[{"name":"wp","href":"https:\/\/api.w.org\/{rel}","templated":true}]}}