{"id":24093,"date":"2017-08-01T00:50:59","date_gmt":"2017-08-01T03:50:59","guid":{"rendered":"http:\/\/www.sincomam.org.br\/?p=24093"},"modified":"2017-07-21T08:53:04","modified_gmt":"2017-07-21T11:53:04","slug":"confianca-da-industria-avanca-em-julho-sinaliza-previa-da-fgv","status":"publish","type":"post","link":"https:\/\/www.sincomam.org.br\/index.php\/confianca-da-industria-avanca-em-julho-sinaliza-previa-da-fgv\/","title":{"rendered":"Confian\u00e7a da ind\u00fastria avan\u00e7a em julho, sinaliza pr\u00e9via da FGV"},"content":{"rendered":"<p>Com melhora na percep\u00e7\u00e3o dos empres\u00e1rios sobre a situa\u00e7\u00e3o atual e tamb\u00e9m nas expectativas para os pr\u00f3ximos meses, o \u00cdndice de Confian\u00e7a da Ind\u00fastria (ICI) aumentou 1,2 ponto na pr\u00e9via de julho, em rela\u00e7\u00e3o ao n\u00famero final do m\u00eas anterior, para 90,7 pontos, informa a Funda\u00e7\u00e3o Getulio Vargas (FGV). O dado tem ajuste sazonal. \u00c9 a mesma pontua\u00e7\u00e3o de mar\u00e7o deste ano.<\/p>\n<p>Em nota, a FGV observa que, se confirmada, a alta do ICI no m\u00eas seria insuficiente para recuperar a perda de confian\u00e7a em junho, quando o indicador caiu 2,8 pontos, e manteria a m\u00e9dia m\u00f3vel trimestral do \u00edndice em queda pelo segundo m\u00eas consecutivo.\u00a0<\/p>\n<p>&#8220;O movimento de atenua\u00e7\u00e3o de perdas recentes na confian\u00e7a industrial resultaria da melhora tanto das avalia\u00e7\u00f5es sobre o momento presente quanto das perspectivas para os meses seguintes. O \u00cdndice da Situa\u00e7\u00e3o Atual (ISA) subiria 1,4 ponto, para 88,4 pontos, e o \u00cdndice de Expectativas (IE) aumentaria 1,2 ponto, para 93,3 pontos&#8221;, destaca a entidade.<\/p>\n<p>A sondagem preliminar tamb\u00e9m informa que a ind\u00fastria est\u00e1 menos ociosa neste m\u00eas. O N\u00edvel de Utiliza\u00e7\u00e3o da Capacidade Instalada (Nuci) teve eleva\u00e7\u00e3o de 0,7 ponto percentual, para 74,9%. O resultado compensaria a queda de 0,5 ponto do m\u00eas anterior, mas manteria o Nuci relativamente est\u00e1vel na m\u00e9trica de m\u00e9dias m\u00f3veis trimestrais, com alta de 0,1 ponto, para 74,6%.<\/p>\n<p>Para a pr\u00e9via de julho foram consultadas 788 empresas entre os dias 3 e 18 deste m\u00eas, informa a FGV.<\/p>\n<p>Fonte: Valor<\/p>\n","protected":false},"excerpt":{"rendered":"<p>Com melhora na percep\u00e7\u00e3o dos empres\u00e1rios sobre a situa\u00e7\u00e3o atual e tamb\u00e9m nas expectativas para os pr\u00f3ximos meses, o \u00cdndice de Confian\u00e7a da Ind\u00fastria (ICI)&#8230;<\/p>\n","protected":false},"author":1182,"featured_media":17850,"comment_status":"closed","ping_status":"closed","sticky":false,"template":"","format":"standard","meta":{"footnotes":""},"categories":[6],"tags":[],"class_list":["post-24093","post","type-post","status-publish","format-standard","has-post-thumbnail","hentry","category-noticias"],"_links":{"self":[{"href":"https:\/\/www.sincomam.org.br\/index.php\/wp-json\/wp\/v2\/posts\/24093","targetHints":{"allow":["GET"]}}],"collection":[{"href":"https:\/\/www.sincomam.org.br\/index.php\/wp-json\/wp\/v2\/posts"}],"about":[{"href":"https:\/\/www.sincomam.org.br\/index.php\/wp-json\/wp\/v2\/types\/post"}],"author":[{"embeddable":true,"href":"https:\/\/www.sincomam.org.br\/index.php\/wp-json\/wp\/v2\/users\/1182"}],"replies":[{"embeddable":true,"href":"https:\/\/www.sincomam.org.br\/index.php\/wp-json\/wp\/v2\/comments?post=24093"}],"version-history":[{"count":1,"href":"https:\/\/www.sincomam.org.br\/index.php\/wp-json\/wp\/v2\/posts\/24093\/revisions"}],"predecessor-version":[{"id":24094,"href":"https:\/\/www.sincomam.org.br\/index.php\/wp-json\/wp\/v2\/posts\/24093\/revisions\/24094"}],"wp:featuredmedia":[{"embeddable":true,"href":"https:\/\/www.sincomam.org.br\/index.php\/wp-json\/wp\/v2\/media\/17850"}],"wp:attachment":[{"href":"https:\/\/www.sincomam.org.br\/index.php\/wp-json\/wp\/v2\/media?parent=24093"}],"wp:term":[{"taxonomy":"category","embeddable":true,"href":"https:\/\/www.sincomam.org.br\/index.php\/wp-json\/wp\/v2\/categories?post=24093"},{"taxonomy":"post_tag","embeddable":true,"href":"https:\/\/www.sincomam.org.br\/index.php\/wp-json\/wp\/v2\/tags?post=24093"}],"curies":[{"name":"wp","href":"https:\/\/api.w.org\/{rel}","templated":true}]}}