{"id":24091,"date":"2017-08-01T00:48:48","date_gmt":"2017-08-01T03:48:48","guid":{"rendered":"http:\/\/www.sincomam.org.br\/?p=24091"},"modified":"2017-08-01T08:10:56","modified_gmt":"2017-08-01T11:10:56","slug":"bndes-perde-terceiro-diretor-apos-posse-de-rabello-de-castro","status":"publish","type":"post","link":"https:\/\/www.sincomam.org.br\/index.php\/bndes-perde-terceiro-diretor-apos-posse-de-rabello-de-castro\/","title":{"rendered":"BNDES perde terceiro diretor ap\u00f3s posse de Rabello de Castro"},"content":{"rendered":"<p>O diretor de controladoria do BNDES, Ricardo Baldin, decidiu deixar o cargo por diverg\u00eancias com o presidente do banco, Paulo Rabello de Castro. \u00c9 a terceira baixa na dire\u00e7\u00e3o do banco desde que Rabello de Castro assumiu, no in\u00edcio de junho, em substitui\u00e7\u00e3o a Maria Silvia Bastos Marques.<\/p>\n<p>No in\u00edcio do m\u00eas, Vin\u00edcius Carrasco, que ocupava a diretoria de planejamento, e Cl\u00e1udio Coutinho, da \u00e1rea de cr\u00e9dito, pediram demiss\u00e3o em um ato de defesa da mudan\u00e7a na taxa de juros de longo prazo proposta pelo governo.<\/p>\n<p>Baldin cuidava da gest\u00e3o de riscos, tecnologia da informa\u00e7\u00e3o e controladoria do BNDES. Assim como Carrasco e Coutinho, era parte da equipe montada por Maria Silvia quando foi nomeada para presidir o banco pelo presidente Michel Temer, em maio de 2016.<\/p>\n<p>Rabello de Castro foi informado de sua inten\u00e7\u00e3o de deixar o BNDES no in\u00edcio da semana. Negociou deixar o cargo em agosto, para concluir trabalhos que est\u00e3o em curso no momento.<\/p>\n<p>O presidente do banco manteve sigilo para evitar mais desgastes p\u00fablicos como os gerados pela sa\u00edda dos outros dois diretores.<\/p>\n<p>Na ocasi\u00e3o, Coutinho disse \u00e0 Folha que n\u00e3o se sentia confort\u00e1vel para ficar no cargo ap\u00f3s a publica\u00e7\u00e3o de declara\u00e7\u00f5es de Paulo Rabello questionando a nova Taxa de Longo Prazo (TLP), que ajudou a elaborar em parceria com Vin\u00edcius Carrasco.<\/p>\n<p>Daqueles que chegaram com Maria Silvia ao BNDES, permanecem nos cargos Marilene Ramos, Cl\u00e1udia Prattes, Eliane Lustosa e Ricardo Ramos.<\/p>\n<p>Para a vaga de Coutinho, Paulo Rabello anunciou na semana passada que convidou o ex-diretor do Banco Central Carlos Thadeu de Freitas.<\/p>\n<p>Para a vaga de Vinicius Carrasco, Rabello decidiu nesta quarta (19) nomear o economista Carlos da Costa, que foi seu aluno e estagi\u00e1rio na RC Consultores.\u00a0<\/p>\n<p>Fonte: \u00a0Folha SP<\/p>\n","protected":false},"excerpt":{"rendered":"<p>O diretor de controladoria do BNDES, Ricardo Baldin, decidiu deixar o cargo por diverg\u00eancias com o presidente do banco, Paulo Rabello de Castro. \u00c9 a&#8230;<\/p>\n","protected":false},"author":1182,"featured_media":0,"comment_status":"closed","ping_status":"closed","sticky":false,"template":"","format":"standard","meta":{"footnotes":""},"categories":[6],"tags":[],"class_list":["post-24091","post","type-post","status-publish","format-standard","hentry","category-noticias"],"_links":{"self":[{"href":"https:\/\/www.sincomam.org.br\/index.php\/wp-json\/wp\/v2\/posts\/24091","targetHints":{"allow":["GET"]}}],"collection":[{"href":"https:\/\/www.sincomam.org.br\/index.php\/wp-json\/wp\/v2\/posts"}],"about":[{"href":"https:\/\/www.sincomam.org.br\/index.php\/wp-json\/wp\/v2\/types\/post"}],"author":[{"embeddable":true,"href":"https:\/\/www.sincomam.org.br\/index.php\/wp-json\/wp\/v2\/users\/1182"}],"replies":[{"embeddable":true,"href":"https:\/\/www.sincomam.org.br\/index.php\/wp-json\/wp\/v2\/comments?post=24091"}],"version-history":[{"count":1,"href":"https:\/\/www.sincomam.org.br\/index.php\/wp-json\/wp\/v2\/posts\/24091\/revisions"}],"predecessor-version":[{"id":24092,"href":"https:\/\/www.sincomam.org.br\/index.php\/wp-json\/wp\/v2\/posts\/24091\/revisions\/24092"}],"wp:attachment":[{"href":"https:\/\/www.sincomam.org.br\/index.php\/wp-json\/wp\/v2\/media?parent=24091"}],"wp:term":[{"taxonomy":"category","embeddable":true,"href":"https:\/\/www.sincomam.org.br\/index.php\/wp-json\/wp\/v2\/categories?post=24091"},{"taxonomy":"post_tag","embeddable":true,"href":"https:\/\/www.sincomam.org.br\/index.php\/wp-json\/wp\/v2\/tags?post=24091"}],"curies":[{"name":"wp","href":"https:\/\/api.w.org\/{rel}","templated":true}]}}