{"id":24084,"date":"2017-07-31T00:42:53","date_gmt":"2017-07-31T03:42:53","guid":{"rendered":"http:\/\/www.sincomam.org.br\/?p=24084"},"modified":"2017-07-21T08:43:34","modified_gmt":"2017-07-21T11:43:34","slug":"vale-bate-recorde-em-producao-de-minerio-para-um-2o-tri-com-avanco-de-mina","status":"publish","type":"post","link":"https:\/\/www.sincomam.org.br\/index.php\/vale-bate-recorde-em-producao-de-minerio-para-um-2o-tri-com-avanco-de-mina\/","title":{"rendered":"Vale bate recorde em produ\u00e7\u00e3o de min\u00e9rio para um 2\u00ba tri com avan\u00e7o de mina"},"content":{"rendered":"<p>A produ\u00e7\u00e3o de min\u00e9rio de ferro da mineradora brasileira Vale entre abril e junho foi recorde para um segundo trimestre, mas ainda assim a produ\u00e7\u00e3o em 2017 ficar\u00e1 pr\u00f3xima ao limite inferior da faixa projetada para o ano \u2014entre 360 milh\u00f5es e 380 milh\u00f5es de toneladas\u2014, disse a companhia nesta quinta-feira (20).<\/p>\n<p>A mineradora, maior produtora global de min\u00e9rio de ferro, produziu no segundo trimestre 91,849 milh\u00f5es de toneladas, alta de 5,8% ante o mesmo per\u00edodo do ano passado, principalmente devido \u00e0 acelera\u00e7\u00e3o das atividades no projeto S11D, em Cana\u00e3 dos Caraj\u00e1s, no sudeste do Par\u00e1.<\/p>\n<p>O S11D, maior projeto de min\u00e9rio da hist\u00f3ria da companhia, entrou em opera\u00e7\u00e3o comercial neste ano.<\/p>\n<p>O Sistema Norte, que compreende as minas de Caraj\u00e1s, Serra Leste e S11D, atingiu recorde de produ\u00e7\u00e3o de 41,5 milh\u00f5es de toneladas no segundo trimestre, alta de 13,7% ante o mesmo per\u00edodo de 2016.<\/p>\n<p>Os embarques de min\u00e9rio de ferro e pelotas do Brasil e Argentina totalizaram 81,6 milh\u00f5es de toneladas no segundo trimestre, 4,4 milh\u00f5es de toneladas maiores do que no mesmo per\u00edodo de 2016, devido principalmente \u00e0 maior produ\u00e7\u00e3o no Sistema Norte e no Sistema Sudeste.<\/p>\n<p>Os embarques feitos pela Argentina referem-se ao Sistema Centro-Oeste, que compreende a unidade ativa de Urucum.<\/p>\n<p>A Vale ressaltou que est\u00e1 buscando deslocar os estoques ao longo da cadeia para mais perto dos clientes, como forma de trazer maior flexibilidade \u00e0 cadeia integrada de valor, conforme explicado pela companhia na divulga\u00e7\u00e3o dos resultados do primeiro trimestre.<\/p>\n<p>Mas o movimento leva temporariamente a menores volumes de venda, quando comparados aos embarques do Brasil.<\/p>\n<p>Dessa forma, os volumes blendados na \u00c1sia totalizaram 14,8 milh\u00f5es de toneladas no segundo trimestre, 3,7 milh\u00f5es de toneladas acima do volume registrado no mesmo per\u00edodo do ano passado.<\/p>\n<p>O teor de ferro m\u00e9dio foi de 63,8% no segundo trimestre de 2017, permanecendo em linha com o teor de ferro m\u00e9dio do primeiro trimestre.<\/p>\n<p>Ao falar sobre suas proje\u00e7\u00f5es para a produ\u00e7\u00e3o de min\u00e9rio de ferro em todo o ano de 2017, a Vale explicou dever\u00e1 atingir um volume entre 360 milh\u00f5es e 380 milh\u00f5es de toneladas, o que estar\u00e1 &#8220;em linha com a estrat\u00e9gia atual de maximiza\u00e7\u00e3o de margem&#8221;.<\/p>\n<p><strong>REVIS\u00c3O DA PRODU\u00c7\u00c3O DE N\u00cdQUEL<\/strong><\/p>\n<p>A produ\u00e7\u00e3o de n\u00edquel alcan\u00e7ou 65,9 mil toneladas no segundo trimestre, queda de 16,1% ante o mesmo per\u00edodo do ano passado, principalmente devido \u00e0 reconstru\u00e7\u00e3o do forno 2, como parte da transi\u00e7\u00e3o para opera\u00e7\u00e3o com forno \u00fanico em Sudbury, e \u00e0 parada programada para manuten\u00e7\u00e3o na unidade.<\/p>\n<p>Segundo a Vale, a meta para a produ\u00e7\u00e3o de n\u00edquel no ano ser\u00e1 revista devido a um desempenho abaixo do esperado de suas opera\u00e7\u00f5es no segmento.<\/p>\n<p>&#8220;Estamos revisando a nossa produ\u00e7\u00e3o de n\u00edquel para 295 mil toneladas em 2017, refletindo uma produ\u00e7\u00e3o menor que a planejada nas opera\u00e7\u00f5es de Thompson, Nova Caled\u00f4nia e Indon\u00e9sia&#8221;, afirmou a Vale, que \u00e9 uma das maiores produtoras da commodity.\u00a0<\/p>\n<p>Fonte: \u00a0Folha<\/p>\n","protected":false},"excerpt":{"rendered":"<p>A produ\u00e7\u00e3o de min\u00e9rio de ferro da mineradora brasileira Vale entre abril e junho foi recorde para um segundo trimestre, mas ainda assim a produ\u00e7\u00e3o&#8230;<\/p>\n","protected":false},"author":1182,"featured_media":18013,"comment_status":"closed","ping_status":"closed","sticky":false,"template":"","format":"standard","meta":{"footnotes":""},"categories":[6],"tags":[],"class_list":["post-24084","post","type-post","status-publish","format-standard","has-post-thumbnail","hentry","category-noticias"],"_links":{"self":[{"href":"https:\/\/www.sincomam.org.br\/index.php\/wp-json\/wp\/v2\/posts\/24084","targetHints":{"allow":["GET"]}}],"collection":[{"href":"https:\/\/www.sincomam.org.br\/index.php\/wp-json\/wp\/v2\/posts"}],"about":[{"href":"https:\/\/www.sincomam.org.br\/index.php\/wp-json\/wp\/v2\/types\/post"}],"author":[{"embeddable":true,"href":"https:\/\/www.sincomam.org.br\/index.php\/wp-json\/wp\/v2\/users\/1182"}],"replies":[{"embeddable":true,"href":"https:\/\/www.sincomam.org.br\/index.php\/wp-json\/wp\/v2\/comments?post=24084"}],"version-history":[{"count":1,"href":"https:\/\/www.sincomam.org.br\/index.php\/wp-json\/wp\/v2\/posts\/24084\/revisions"}],"predecessor-version":[{"id":24085,"href":"https:\/\/www.sincomam.org.br\/index.php\/wp-json\/wp\/v2\/posts\/24084\/revisions\/24085"}],"wp:featuredmedia":[{"embeddable":true,"href":"https:\/\/www.sincomam.org.br\/index.php\/wp-json\/wp\/v2\/media\/18013"}],"wp:attachment":[{"href":"https:\/\/www.sincomam.org.br\/index.php\/wp-json\/wp\/v2\/media?parent=24084"}],"wp:term":[{"taxonomy":"category","embeddable":true,"href":"https:\/\/www.sincomam.org.br\/index.php\/wp-json\/wp\/v2\/categories?post=24084"},{"taxonomy":"post_tag","embeddable":true,"href":"https:\/\/www.sincomam.org.br\/index.php\/wp-json\/wp\/v2\/tags?post=24084"}],"curies":[{"name":"wp","href":"https:\/\/api.w.org\/{rel}","templated":true}]}}