{"id":24035,"date":"2017-07-25T00:27:14","date_gmt":"2017-07-25T03:27:14","guid":{"rendered":"http:\/\/www.sincomam.org.br\/?p=24035"},"modified":"2017-07-19T18:28:38","modified_gmt":"2017-07-19T21:28:38","slug":"cafes-do-brasil-geram-receita-cambial-de-us-564-bilhoes-no-ano-safra-20162017","status":"publish","type":"post","link":"https:\/\/www.sincomam.org.br\/index.php\/cafes-do-brasil-geram-receita-cambial-de-us-564-bilhoes-no-ano-safra-20162017\/","title":{"rendered":"Caf\u00e9s do Brasil geram receita cambial de US$ 5,64 bilh\u00f5es no ano safra 2016\/2017"},"content":{"rendered":"<p>As exporta\u00e7\u00f5es dos Caf\u00e9s do Brasil totalizaram 32,9 milh\u00f5es de sacas de 60kg no per\u00edodo de julho de 2016 a junho de 2017 e geraram receita cambial de US$ 5,64 bilh\u00f5es. Esses n\u00fameros representam aumentos de 5% na receita cambial e de 13,4% no pre\u00e7o m\u00e9dio da saca, se comparados com o mesmo per\u00edodo anterior. Com esses resultados, o Brasil continua em primeiro lugar na exporta\u00e7\u00e3o do caf\u00e9, al\u00e9m de ser tamb\u00e9m o primeiro na exporta\u00e7\u00e3o do a\u00e7\u00facar, suco de laranja, carne de aves e soja, e, com isso, tem-se mantido como terceiro exportador agr\u00edcola do mundo, atr\u00e1s da Uni\u00e3o Europeia e Estados Unidos.<\/p>\n<p>O Conselho dos Exportadores de Caf\u00e9 do Brasil \u2013 Cecaf\u00e9, no seu Relat\u00f3rio mensal junho de 2017, apontou que desse volume das exporta\u00e7\u00f5es de caf\u00e9 de 32,9 milh\u00f5es de sacas, 28,9 milh\u00f5es de sacas foram de ar\u00e1bica e 278 mil sacas de robusta. A exporta\u00e7\u00e3o de caf\u00e9 sol\u00favel totalizou 3,6 milh\u00f5es de sacas e o Torrado &amp; Mo\u00eddo, aproximadamente, 29 mil sacas, no per\u00edodo de julho de 2016 a junho de 2017. Especificamente em rela\u00e7\u00e3o ao m\u00eas de junho deste ano, o total das exporta\u00e7\u00f5es dos Caf\u00e9s do Brasil apresentou queda de 16,3%, registrando o volume de 2,051 milh\u00f5es de sacas. E a receita cambial alcan\u00e7ou US$ 341,8 milh\u00f5es, cujo pre\u00e7o m\u00e9dio por saca foi de US$ 166,63, representando aumento de 13,5% em compara\u00e7\u00e3o ao valor m\u00e9dio de junho de 2016.<\/p>\n<p>Fonte: Observat\u00f3rio do Caf\u00e9<\/p>\n","protected":false},"excerpt":{"rendered":"<p>As exporta\u00e7\u00f5es dos Caf\u00e9s do Brasil totalizaram 32,9 milh\u00f5es de sacas de 60kg no per\u00edodo de julho de 2016 a junho de 2017 e geraram&#8230;<\/p>\n","protected":false},"author":1182,"featured_media":18672,"comment_status":"closed","ping_status":"closed","sticky":false,"template":"","format":"standard","meta":{"footnotes":""},"categories":[6],"tags":[],"class_list":["post-24035","post","type-post","status-publish","format-standard","has-post-thumbnail","hentry","category-noticias"],"_links":{"self":[{"href":"https:\/\/www.sincomam.org.br\/index.php\/wp-json\/wp\/v2\/posts\/24035","targetHints":{"allow":["GET"]}}],"collection":[{"href":"https:\/\/www.sincomam.org.br\/index.php\/wp-json\/wp\/v2\/posts"}],"about":[{"href":"https:\/\/www.sincomam.org.br\/index.php\/wp-json\/wp\/v2\/types\/post"}],"author":[{"embeddable":true,"href":"https:\/\/www.sincomam.org.br\/index.php\/wp-json\/wp\/v2\/users\/1182"}],"replies":[{"embeddable":true,"href":"https:\/\/www.sincomam.org.br\/index.php\/wp-json\/wp\/v2\/comments?post=24035"}],"version-history":[{"count":1,"href":"https:\/\/www.sincomam.org.br\/index.php\/wp-json\/wp\/v2\/posts\/24035\/revisions"}],"predecessor-version":[{"id":24036,"href":"https:\/\/www.sincomam.org.br\/index.php\/wp-json\/wp\/v2\/posts\/24035\/revisions\/24036"}],"wp:featuredmedia":[{"embeddable":true,"href":"https:\/\/www.sincomam.org.br\/index.php\/wp-json\/wp\/v2\/media\/18672"}],"wp:attachment":[{"href":"https:\/\/www.sincomam.org.br\/index.php\/wp-json\/wp\/v2\/media?parent=24035"}],"wp:term":[{"taxonomy":"category","embeddable":true,"href":"https:\/\/www.sincomam.org.br\/index.php\/wp-json\/wp\/v2\/categories?post=24035"},{"taxonomy":"post_tag","embeddable":true,"href":"https:\/\/www.sincomam.org.br\/index.php\/wp-json\/wp\/v2\/tags?post=24035"}],"curies":[{"name":"wp","href":"https:\/\/api.w.org\/{rel}","templated":true}]}}