{"id":24015,"date":"2017-07-20T00:25:30","date_gmt":"2017-07-20T03:25:30","guid":{"rendered":"http:\/\/www.sincomam.org.br\/?p=24015"},"modified":"2017-07-19T11:27:09","modified_gmt":"2017-07-19T14:27:09","slug":"ministro-de-minas-e-energia-confirma-leilao-do-pre-sal-em-outubro","status":"publish","type":"post","link":"https:\/\/www.sincomam.org.br\/index.php\/ministro-de-minas-e-energia-confirma-leilao-do-pre-sal-em-outubro\/","title":{"rendered":"Ministro de Minas e Energia confirma leil\u00e3o do pr\u00e9-sal em outubro"},"content":{"rendered":"<p>O ministro de Minas e Energia, Fernando Coelho Filho, disse ao embaixador dos Estados-Unidos no Brasil, Peter McKinley, que o novo leil\u00e3o do pr\u00e9-sal ser\u00e1 realizado em outubro.<\/p>\n<p>Os dois se encontraram no Supremo Tribunal Federal (STF) quando o ministro sa\u00eda de uma reuni\u00e3o com a presidente do tribunal, a ministra Carmen L\u00facia, e representantes da Cemig e da Advocacia-Geral da Uni\u00e3o (AGU) para discutir uma a\u00e7\u00e3o movida pela empresa mineira envolvendo a concess\u00e3o da usina de Jaguara.<\/p>\n<p>J\u00e1 o embaixador chegava no edif\u00edcio para uma outra agenda. Coelho Filho confirmou a data do leil\u00e3o ap\u00f3s ser questionado sobre o assunto pelo representante americano no Brasil.<\/p>\n<p>Fonte: Valor<\/p>\n","protected":false},"excerpt":{"rendered":"<p>O ministro de Minas e Energia, Fernando Coelho Filho, disse ao embaixador dos Estados-Unidos no Brasil, Peter McKinley, que o novo leil\u00e3o do pr\u00e9-sal ser\u00e1&#8230;<\/p>\n","protected":false},"author":1182,"featured_media":17817,"comment_status":"closed","ping_status":"closed","sticky":false,"template":"","format":"standard","meta":{"footnotes":""},"categories":[6],"tags":[],"class_list":["post-24015","post","type-post","status-publish","format-standard","has-post-thumbnail","hentry","category-noticias"],"_links":{"self":[{"href":"https:\/\/www.sincomam.org.br\/index.php\/wp-json\/wp\/v2\/posts\/24015","targetHints":{"allow":["GET"]}}],"collection":[{"href":"https:\/\/www.sincomam.org.br\/index.php\/wp-json\/wp\/v2\/posts"}],"about":[{"href":"https:\/\/www.sincomam.org.br\/index.php\/wp-json\/wp\/v2\/types\/post"}],"author":[{"embeddable":true,"href":"https:\/\/www.sincomam.org.br\/index.php\/wp-json\/wp\/v2\/users\/1182"}],"replies":[{"embeddable":true,"href":"https:\/\/www.sincomam.org.br\/index.php\/wp-json\/wp\/v2\/comments?post=24015"}],"version-history":[{"count":1,"href":"https:\/\/www.sincomam.org.br\/index.php\/wp-json\/wp\/v2\/posts\/24015\/revisions"}],"predecessor-version":[{"id":24016,"href":"https:\/\/www.sincomam.org.br\/index.php\/wp-json\/wp\/v2\/posts\/24015\/revisions\/24016"}],"wp:featuredmedia":[{"embeddable":true,"href":"https:\/\/www.sincomam.org.br\/index.php\/wp-json\/wp\/v2\/media\/17817"}],"wp:attachment":[{"href":"https:\/\/www.sincomam.org.br\/index.php\/wp-json\/wp\/v2\/media?parent=24015"}],"wp:term":[{"taxonomy":"category","embeddable":true,"href":"https:\/\/www.sincomam.org.br\/index.php\/wp-json\/wp\/v2\/categories?post=24015"},{"taxonomy":"post_tag","embeddable":true,"href":"https:\/\/www.sincomam.org.br\/index.php\/wp-json\/wp\/v2\/tags?post=24015"}],"curies":[{"name":"wp","href":"https:\/\/api.w.org\/{rel}","templated":true}]}}