{"id":23995,"date":"2017-07-21T00:00:36","date_gmt":"2017-07-21T03:00:36","guid":{"rendered":"http:\/\/www.sincomam.org.br\/?p=23995"},"modified":"2017-07-19T09:59:29","modified_gmt":"2017-07-19T12:59:29","slug":"rio-tinto-reduz-projecao-de-embarques-de-minerio-de-ferro-em-2017","status":"publish","type":"post","link":"https:\/\/www.sincomam.org.br\/index.php\/rio-tinto-reduz-projecao-de-embarques-de-minerio-de-ferro-em-2017\/","title":{"rendered":"Rio Tinto reduz proje\u00e7\u00e3o de embarques de min\u00e9rio de ferro em 2017"},"content":{"rendered":"<p>A mineradora Rio Tinto reduziu nesta ter\u00e7a-feira sua proje\u00e7\u00e3o para embarques de min\u00e9rio de ferro no ano calend\u00e1rio de 2017 em at\u00e9 10 milh\u00f5es de toneladas, citando clima desfavor\u00e1vel e trabalhos em andamento para modernizar suas linhas ferrovi\u00e1rias.<\/p>\n<p>Os embarques de min\u00e9rio de ferro da companhia foram estimados em 330 milh\u00f5es de toneladas, queda ante uma proje\u00e7\u00e3o anterior de entre 330 milh\u00f5es e 340 milh\u00f5es de toneladas, disse a segunda maior produtora do mundo em seu relat\u00f3rio de produ\u00e7\u00e3o do segundo trimestre.<\/p>\n<p>&#8220;Os embarques de min\u00e9rio de ferro foram impactados por uma acelera\u00e7\u00e3o em nosso programa de manuten\u00e7\u00e3o de ferrovias, ap\u00f3s um clima ruim no primeiro trimestre&#8221;, disse o presidente da companhia, Jean-Sebastien Jacques.<\/p>\n<p>Os embarques de min\u00e9rio de ferro da Austr\u00e1lia ca\u00edram 6 por cento ante o ano anterior, para 77,7 milh\u00f5es de toneladas, levemente abaixo das estimativas de analistas.<\/p>\n<p>Os embarques no primeiro semestre totalizaram 154,3 milh\u00f5es de toneladas, indicando que a companhia espera elevar os embarques nos pr\u00f3ximos dois trimestres.<\/p>\n<p>A produ\u00e7\u00e3o no segundo trimestre nas minas na Austr\u00e1lia caiu 1 por cento, para 79,8 milh\u00f5es de toneladas, disse a Rio Tinto.<\/p>\n<p>Fonte: UOL<\/p>\n","protected":false},"excerpt":{"rendered":"<p>A mineradora Rio Tinto reduziu nesta ter\u00e7a-feira sua proje\u00e7\u00e3o para embarques de min\u00e9rio de ferro no ano calend\u00e1rio de 2017 em at\u00e9 10 milh\u00f5es de&#8230;<\/p>\n","protected":false},"author":1182,"featured_media":19822,"comment_status":"closed","ping_status":"closed","sticky":false,"template":"","format":"standard","meta":{"footnotes":""},"categories":[6],"tags":[],"class_list":["post-23995","post","type-post","status-publish","format-standard","has-post-thumbnail","hentry","category-noticias"],"_links":{"self":[{"href":"https:\/\/www.sincomam.org.br\/index.php\/wp-json\/wp\/v2\/posts\/23995","targetHints":{"allow":["GET"]}}],"collection":[{"href":"https:\/\/www.sincomam.org.br\/index.php\/wp-json\/wp\/v2\/posts"}],"about":[{"href":"https:\/\/www.sincomam.org.br\/index.php\/wp-json\/wp\/v2\/types\/post"}],"author":[{"embeddable":true,"href":"https:\/\/www.sincomam.org.br\/index.php\/wp-json\/wp\/v2\/users\/1182"}],"replies":[{"embeddable":true,"href":"https:\/\/www.sincomam.org.br\/index.php\/wp-json\/wp\/v2\/comments?post=23995"}],"version-history":[{"count":1,"href":"https:\/\/www.sincomam.org.br\/index.php\/wp-json\/wp\/v2\/posts\/23995\/revisions"}],"predecessor-version":[{"id":23996,"href":"https:\/\/www.sincomam.org.br\/index.php\/wp-json\/wp\/v2\/posts\/23995\/revisions\/23996"}],"wp:featuredmedia":[{"embeddable":true,"href":"https:\/\/www.sincomam.org.br\/index.php\/wp-json\/wp\/v2\/media\/19822"}],"wp:attachment":[{"href":"https:\/\/www.sincomam.org.br\/index.php\/wp-json\/wp\/v2\/media?parent=23995"}],"wp:term":[{"taxonomy":"category","embeddable":true,"href":"https:\/\/www.sincomam.org.br\/index.php\/wp-json\/wp\/v2\/categories?post=23995"},{"taxonomy":"post_tag","embeddable":true,"href":"https:\/\/www.sincomam.org.br\/index.php\/wp-json\/wp\/v2\/tags?post=23995"}],"curies":[{"name":"wp","href":"https:\/\/api.w.org\/{rel}","templated":true}]}}