{"id":23993,"date":"2017-07-21T00:57:02","date_gmt":"2017-07-21T03:57:02","guid":{"rendered":"http:\/\/www.sincomam.org.br\/?p=23993"},"modified":"2017-07-19T09:58:14","modified_gmt":"2017-07-19T12:58:14","slug":"reducao-de-calado-e-falha-operacional-e-de-gestao","status":"publish","type":"post","link":"https:\/\/www.sincomam.org.br\/index.php\/reducao-de-calado-e-falha-operacional-e-de-gestao\/","title":{"rendered":"Redu\u00e7\u00e3o de calado \u00e9 falha operacional e de gest\u00e3o"},"content":{"rendered":"<p>A redu\u00e7\u00e3o do calado dos navios que operam em Santos \u00e9 um problema de duas faces: operacional e de gest\u00e3o. A medida limita a movimenta\u00e7\u00e3o de cargas no maior e mais importante do pa\u00eds, mas, sobretudo, desnuda falhas da administra\u00e7\u00e3o do porto.<\/p>\n<p>No in\u00edcio de junho a Codesp j\u00e1 tinha em m\u00e3os uma batimetria que apontava assoreamento na entrada do porto. Mas o resultado s\u00f3 teria sido informado no fim do m\u00eas, ap\u00f3s a Praticagem, \u00f3rg\u00e3o respons\u00e1vel por manobrar os navios, ter constatado na pr\u00e1tica a exist\u00eancia de assoreamento. Questionada, a Codesp n\u00e3o se manifestou.<\/p>\n<p>A profundidade limitada combinada com as condi\u00e7\u00f5es da mar\u00e9 no dia 29 de junho impediram os navios de zarparem \u00e0 plena carga.<\/p>\n<p>Ontem, em reuni\u00e3o extraordin\u00e1ria do conselho de administra\u00e7\u00e3o da estatal, a diretoria foi cobrada para que fa\u00e7a uma fiscaliza\u00e7\u00e3o mais eficiente do contrato.<\/p>\n<p>A Codesp tem dois contratos de dragagem. Um com a Dragabr\u00e1s, para a manuten\u00e7\u00e3o da profundidade do canal de navega\u00e7\u00e3o e acessos a ber\u00e7os de atraca\u00e7\u00e3o, e outro com a Dratec, para os ber\u00e7os. Ambos t\u00eam cl\u00e1usula de rescis\u00e3o relativa \u00e0 entrada em opera\u00e7\u00e3o do servi\u00e7o contratado pela Secretaria Nacional de Portos, ligada ao Minist\u00e9rio dos Transportes.<\/p>\n<p>O servi\u00e7o foi licitado em 2015, mas n\u00e3o come\u00e7ou. O contrato com a vencedora da licita\u00e7\u00e3o teve de ser rescindido por &#8220;inadequa\u00e7\u00f5es da empresa&#8221;, informou o Minist\u00e9rio. A segunda colocada assumiu em fevereiro e recentemente foi dada a ordem de servi\u00e7o para elabora\u00e7\u00e3o dos projetos b\u00e1sico e executivo.<\/p>\n<p>A Lei dos Portos, de 2013, prev\u00ea a concess\u00e3o do servi\u00e7o \u00e0 iniciativa privada por at\u00e9 dez anos. Mas o mercado n\u00e3o se mostrou aberto a um neg\u00f3cio t\u00e3o longo devido \u00e0 aloca\u00e7\u00e3o de risco num contrato indexado. Paralelamente, h\u00e1 propostas para que operadores de terminais, em condom\u00ednio, toquem o servi\u00e7o. S\u00e3o eles os primeiros interessados em que a dragagem n\u00e3o sofra interrup\u00e7\u00e3o para que os armadores, seus clientes, sejam bem atendidos. A pasta disse que &#8220;as propostas est\u00e3o sendo analisadas.&#8221;<\/p>\n<p>Fonte: Valor<\/p>\n<div class=\"jwDisqusForm\"><\/div>\n","protected":false},"excerpt":{"rendered":"<p>A redu\u00e7\u00e3o do calado dos navios que operam em Santos \u00e9 um problema de duas faces: operacional e de gest\u00e3o. A medida limita a movimenta\u00e7\u00e3o&#8230;<\/p>\n","protected":false},"author":1182,"featured_media":17820,"comment_status":"closed","ping_status":"closed","sticky":false,"template":"","format":"standard","meta":{"footnotes":""},"categories":[6],"tags":[],"class_list":["post-23993","post","type-post","status-publish","format-standard","has-post-thumbnail","hentry","category-noticias"],"_links":{"self":[{"href":"https:\/\/www.sincomam.org.br\/index.php\/wp-json\/wp\/v2\/posts\/23993","targetHints":{"allow":["GET"]}}],"collection":[{"href":"https:\/\/www.sincomam.org.br\/index.php\/wp-json\/wp\/v2\/posts"}],"about":[{"href":"https:\/\/www.sincomam.org.br\/index.php\/wp-json\/wp\/v2\/types\/post"}],"author":[{"embeddable":true,"href":"https:\/\/www.sincomam.org.br\/index.php\/wp-json\/wp\/v2\/users\/1182"}],"replies":[{"embeddable":true,"href":"https:\/\/www.sincomam.org.br\/index.php\/wp-json\/wp\/v2\/comments?post=23993"}],"version-history":[{"count":1,"href":"https:\/\/www.sincomam.org.br\/index.php\/wp-json\/wp\/v2\/posts\/23993\/revisions"}],"predecessor-version":[{"id":23994,"href":"https:\/\/www.sincomam.org.br\/index.php\/wp-json\/wp\/v2\/posts\/23993\/revisions\/23994"}],"wp:featuredmedia":[{"embeddable":true,"href":"https:\/\/www.sincomam.org.br\/index.php\/wp-json\/wp\/v2\/media\/17820"}],"wp:attachment":[{"href":"https:\/\/www.sincomam.org.br\/index.php\/wp-json\/wp\/v2\/media?parent=23993"}],"wp:term":[{"taxonomy":"category","embeddable":true,"href":"https:\/\/www.sincomam.org.br\/index.php\/wp-json\/wp\/v2\/categories?post=23993"},{"taxonomy":"post_tag","embeddable":true,"href":"https:\/\/www.sincomam.org.br\/index.php\/wp-json\/wp\/v2\/tags?post=23993"}],"curies":[{"name":"wp","href":"https:\/\/api.w.org\/{rel}","templated":true}]}}