{"id":23953,"date":"2017-07-18T00:03:51","date_gmt":"2017-07-18T03:03:51","guid":{"rendered":"http:\/\/sincomam.org.br\/?p=23953"},"modified":"2017-07-17T17:59:52","modified_gmt":"2017-07-17T20:59:52","slug":"leitura-do-parecer-de-denuncia-contra-temer-e-adiado","status":"publish","type":"post","link":"https:\/\/www.sincomam.org.br\/index.php\/leitura-do-parecer-de-denuncia-contra-temer-e-adiado\/","title":{"rendered":"Leitura do parecer de den\u00fancia contra Temer \u00e9 adiado"},"content":{"rendered":"<p>O parecer sobre a den\u00fancia contra o presidente Michel Temer<span>\u00a0<\/span>n\u00e3o pode mais uma vez ser lido no plen\u00e1rio da C\u00e2mara, por falta de qu\u00f3rum.<\/p>\n<p>Como o Congresso Nacional entrar\u00e1 em recesso a partir desta ter\u00e7a-feira, 18, ele s\u00f3 poder\u00e1 agora ser lido em 1\u00ba de agosto, quando os parlamentares retomam as atividades legislativas.<\/p>\n<p>Para que a sess\u00e3o desta segunda-feira fosse aberta e a den\u00fancia contra Temer, lida no plen\u00e1rio, era necess\u00e1rio que pelo menos 51 dos 513 deputados registrassem presen\u00e7a.<\/p>\n<p>No entanto, somente 14 parlamentares registraram presen\u00e7a na Casa hoje, impossibilitando a abertura dos trabalhos.<\/p>\n<p>Ap\u00f3s ser lido no plen\u00e1rio, o parecer da den\u00fancia ser\u00e1 publicado no Di\u00e1rio Oficial da C\u00e2mara. Com isso, a previs\u00e3o \u00e9 de que seja votado no dia seguinte, 2 de agosto.<\/p>\n<p>Para que a den\u00fancia seja aceita, s\u00e3o necess\u00e1rios votos de 342 deputados.<\/p>\n<p>Caso ela seja aceita pela C\u00e2mara, o Supremo Tribunal Federal (STF) tamb\u00e9m ainda ter\u00e1 de decidir se aceita ou n\u00e3o.<\/p>\n<p>Se aceitar, Temer se tornar\u00e1 r\u00e9u e ser\u00e1 afastado do cargo por 180 dias.<\/p>\n<p>Fonte: Exame<\/p>\n","protected":false},"excerpt":{"rendered":"<p>O parecer sobre a den\u00fancia contra o presidente Michel Temer\u00a0n\u00e3o pode mais uma vez ser lido no plen\u00e1rio da C\u00e2mara, por falta de qu\u00f3rum. Como&#8230;<\/p>\n","protected":false},"author":1182,"featured_media":19480,"comment_status":"closed","ping_status":"closed","sticky":false,"template":"","format":"standard","meta":{"footnotes":""},"categories":[6],"tags":[],"class_list":["post-23953","post","type-post","status-publish","format-standard","has-post-thumbnail","hentry","category-noticias"],"_links":{"self":[{"href":"https:\/\/www.sincomam.org.br\/index.php\/wp-json\/wp\/v2\/posts\/23953","targetHints":{"allow":["GET"]}}],"collection":[{"href":"https:\/\/www.sincomam.org.br\/index.php\/wp-json\/wp\/v2\/posts"}],"about":[{"href":"https:\/\/www.sincomam.org.br\/index.php\/wp-json\/wp\/v2\/types\/post"}],"author":[{"embeddable":true,"href":"https:\/\/www.sincomam.org.br\/index.php\/wp-json\/wp\/v2\/users\/1182"}],"replies":[{"embeddable":true,"href":"https:\/\/www.sincomam.org.br\/index.php\/wp-json\/wp\/v2\/comments?post=23953"}],"version-history":[{"count":1,"href":"https:\/\/www.sincomam.org.br\/index.php\/wp-json\/wp\/v2\/posts\/23953\/revisions"}],"predecessor-version":[{"id":23954,"href":"https:\/\/www.sincomam.org.br\/index.php\/wp-json\/wp\/v2\/posts\/23953\/revisions\/23954"}],"wp:featuredmedia":[{"embeddable":true,"href":"https:\/\/www.sincomam.org.br\/index.php\/wp-json\/wp\/v2\/media\/19480"}],"wp:attachment":[{"href":"https:\/\/www.sincomam.org.br\/index.php\/wp-json\/wp\/v2\/media?parent=23953"}],"wp:term":[{"taxonomy":"category","embeddable":true,"href":"https:\/\/www.sincomam.org.br\/index.php\/wp-json\/wp\/v2\/categories?post=23953"},{"taxonomy":"post_tag","embeddable":true,"href":"https:\/\/www.sincomam.org.br\/index.php\/wp-json\/wp\/v2\/tags?post=23953"}],"curies":[{"name":"wp","href":"https:\/\/api.w.org\/{rel}","templated":true}]}}