{"id":23947,"date":"2017-07-18T02:00:19","date_gmt":"2017-07-18T05:00:19","guid":{"rendered":"http:\/\/sincomam.org.br\/?p=23947"},"modified":"2017-07-17T17:51:18","modified_gmt":"2017-07-17T20:51:18","slug":"com-liberacao-de-recursos-fgts-vendas-avancam-e-inadimplencia-cai","status":"publish","type":"post","link":"https:\/\/www.sincomam.org.br\/index.php\/com-liberacao-de-recursos-fgts-vendas-avancam-e-inadimplencia-cai\/","title":{"rendered":"Com libera\u00e7\u00e3o de recursos FGTS, vendas avan\u00e7am e inadimpl\u00eancia cai"},"content":{"rendered":"<article itemprop=\"articleBody\">\n<div class=\"mc-column content-text active-extra-styles active-capital-letter\" data-block-type=\"unstyled\" data-block-weight=\"38\">\n<p class=\"content-text__container theme-color-primary-first-letter\" data-track-category=\"Link no Texto\" data-track-links=\"\">O Minist\u00e9rio do Planejamento divulgou estudo sobre o impacto dos saques das contas inativas do Fundo de Garantia por Tempo de Servi\u00e7o (FGTS)\u00a0&#8211; que somaram R$ 41,8 bilh\u00f5es de mar\u00e7o a julho de 2017.<\/p>\n<\/div>\n<div class=\"mc-column content-text active-extra-styles \" data-block-type=\"unstyled\" data-block-weight=\"32\">\n<p class=\"content-text__container \" data-track-category=\"Link no Texto\" data-track-links=\"\">O montante sacado at\u00e9 julho equivale a 96% do total dispon\u00edvel para saques, de R$ 43,6 bilh\u00f5es. O dinheiro foi sacado por 82% dos 30,2 milh\u00f5es de trabalhadores com direito ao benef\u00edcio.<\/p>\n<\/div>\n<div class=\"mc-column content-text active-extra-styles \" data-block-type=\"unstyled\" data-block-weight=\"47\">\n<p class=\"content-text__container \" data-track-category=\"Link no Texto\" data-track-links=\"\">Nesse per\u00edodo de libera\u00e7\u00e3o dos saques do FGTS, avaliou o governo, &#8220;nota-se aumento das vendas de varejo, em especial de supermercados, celulares e autom\u00f3veis&#8221;. Acrescentou que tamb\u00e9m pode ser notada uma redu\u00e7\u00e3o do uso de cheque especial e cart\u00e3o de cr\u00e9dito e aumento do financiamento de ve\u00edculos.<\/p>\n<\/div>\n<div class=\"mc-column content-text active-extra-styles \" data-block-type=\"unstyled\" data-block-weight=\"8\">\n<p class=\"content-text__container \" data-track-category=\"Link no Texto\" data-track-links=\"\">&#8220;Houve redu\u00e7\u00e3o da inadimpl\u00eancia, do endividamento e do comprometimento de renda, al\u00e9m de aumento da confian\u00e7a do consumidor e do com\u00e9rcio. Nota-se tamb\u00e9m aumento da capta\u00e7\u00e3o l\u00edquida das cadernetas de poupan\u00e7a&#8221;, acrescentou o governo federal.<\/p>\n<\/div>\n<div class=\"mc-column content-text active-extra-styles \" data-block-type=\"unstyled\" data-block-weight=\"32\">\n<p class=\"content-text__container \" data-track-category=\"Link no Texto\" data-track-links=\"\">O Minist\u00e9rio do Planejamento informou que o principal objetivo da libera\u00e7\u00e3o dos saques das contas inativas do FGTS foi reduzir o endividamento das fam\u00edlias ou ainda a regulariza\u00e7\u00e3o e situa\u00e7\u00f5es de inadimpl\u00eancia.<\/p>\n<\/div>\n<div class=\"mc-column content-text active-extra-styles \" data-block-type=\"unstyled\" data-block-weight=\"38\">\n<p class=\"content-text__container \" data-track-category=\"Link no Texto\" data-track-links=\"\">&#8220;Al\u00e9m disso, tamb\u00e9m objetivou dinamizar a economia, por meio do setor de com\u00e9rcio e servi\u00e7os. Esses aspectos foram corroborado por algumas pesquisas, sendo que a maioria dos entrevistados citou que usaria os recursos primordialmente para regularizar d\u00edvidas&#8221;, acrescentou.<\/p>\n<\/div>\n<div class=\"mc-column content-text active-extra-styles\" data-block-type=\"raw\" data-block-weight=\"3\">\n<div class=\"content-intertitle\">\n<h2><strong>Quem tem direito<\/strong><\/h2>\n<\/div>\n<\/div>\n<div class=\"mc-column content-text active-extra-styles \" data-block-type=\"unstyled\" data-block-weight=\"46\">\n<p class=\"content-text__container \" data-track-category=\"Link no Texto\" data-track-links=\"\">Tem direito a fazer os saques das contas inativas o trabalhador que pediu demiss\u00e3o ou foi demitido por justa causa at\u00e9 31 de dezembro de 2015. O trabalhador n\u00e3o pode sacar o FGTS de uma conta ativa, ou seja, que ainda receba dep\u00f3sitos pelo empregador atual.<\/p>\n<\/div>\n<div class=\"mc-column content-text active-extra-styles \" data-block-type=\"unstyled\" data-block-weight=\"35\">\n<p class=\"content-text__container \" data-track-category=\"Link no Texto\" data-track-links=\"\">Mais de 2,5 milh\u00f5es de brasileiros t\u00eam direito ao saque no \u00faltimo lote, que \u00e9 dos nascidos em dezembro. O valor total dispon\u00edvel ultrapassa R$ 3,5 bilh\u00f5es e equivale a aproximadamente 8% do total dispon\u00edvel.<\/p>\n<\/div>\n<div class=\"mc-column content-text active-extra-styles \" data-block-type=\"unstyled\" data-block-weight=\"93\">\n<p class=\"content-text__container \" data-track-category=\"Link no Texto\" data-track-links=\"\">Para quem nasceu em outro per\u00edodo e ainda n\u00e3o fez o saque o prazo limite \u00e9 31 de julho. Se o benefici\u00e1rio n\u00e3o retirar o dinheiro at\u00e9 o prazo final, o valor voltar\u00e1 para a conta do FGTS e ele s\u00f3 conseguir\u00e1 sac\u00e1-lo se estiver enquadrado nas hip\u00f3teses que permitem o saque do FGTS, como trabalhadores ou dependentes portadores do v\u00edrus HIV; pessoas em tratamento contra o c\u00e2ncer; doentes em est\u00e1gio terminal em raz\u00e3o de doen\u00e7a grave, ou se ficar pelo menos 3 anos sem receber dep\u00f3sito de empregadores no Fundo de Garantia.<\/p>\n<p>Fonte: G1<\/p>\n<\/div>\n<\/article>\n<div class=\"mc-column comments\">\n<div id=\"boxComentarios\" class=\"glbComentarios\"><\/div>\n<\/div>\n","protected":false},"excerpt":{"rendered":"<p>O Minist\u00e9rio do Planejamento divulgou estudo sobre o impacto dos saques das contas inativas do Fundo de Garantia por Tempo de Servi\u00e7o (FGTS)\u00a0&#8211; que somaram&#8230;<\/p>\n","protected":false},"author":1182,"featured_media":18439,"comment_status":"closed","ping_status":"closed","sticky":false,"template":"","format":"standard","meta":{"footnotes":""},"categories":[6],"tags":[],"class_list":["post-23947","post","type-post","status-publish","format-standard","has-post-thumbnail","hentry","category-noticias"],"_links":{"self":[{"href":"https:\/\/www.sincomam.org.br\/index.php\/wp-json\/wp\/v2\/posts\/23947","targetHints":{"allow":["GET"]}}],"collection":[{"href":"https:\/\/www.sincomam.org.br\/index.php\/wp-json\/wp\/v2\/posts"}],"about":[{"href":"https:\/\/www.sincomam.org.br\/index.php\/wp-json\/wp\/v2\/types\/post"}],"author":[{"embeddable":true,"href":"https:\/\/www.sincomam.org.br\/index.php\/wp-json\/wp\/v2\/users\/1182"}],"replies":[{"embeddable":true,"href":"https:\/\/www.sincomam.org.br\/index.php\/wp-json\/wp\/v2\/comments?post=23947"}],"version-history":[{"count":1,"href":"https:\/\/www.sincomam.org.br\/index.php\/wp-json\/wp\/v2\/posts\/23947\/revisions"}],"predecessor-version":[{"id":23948,"href":"https:\/\/www.sincomam.org.br\/index.php\/wp-json\/wp\/v2\/posts\/23947\/revisions\/23948"}],"wp:featuredmedia":[{"embeddable":true,"href":"https:\/\/www.sincomam.org.br\/index.php\/wp-json\/wp\/v2\/media\/18439"}],"wp:attachment":[{"href":"https:\/\/www.sincomam.org.br\/index.php\/wp-json\/wp\/v2\/media?parent=23947"}],"wp:term":[{"taxonomy":"category","embeddable":true,"href":"https:\/\/www.sincomam.org.br\/index.php\/wp-json\/wp\/v2\/categories?post=23947"},{"taxonomy":"post_tag","embeddable":true,"href":"https:\/\/www.sincomam.org.br\/index.php\/wp-json\/wp\/v2\/tags?post=23947"}],"curies":[{"name":"wp","href":"https:\/\/api.w.org\/{rel}","templated":true}]}}