{"id":23945,"date":"2017-07-18T00:43:43","date_gmt":"2017-07-18T03:43:43","guid":{"rendered":"http:\/\/sincomam.org.br\/?p=23945"},"modified":"2017-07-17T17:47:54","modified_gmt":"2017-07-17T20:47:54","slug":"brasil-cria-673-mil-vagas-formais-de-trabalho-no-1o-semestre-de-2017","status":"publish","type":"post","link":"https:\/\/www.sincomam.org.br\/index.php\/brasil-cria-673-mil-vagas-formais-de-trabalho-no-1o-semestre-de-2017\/","title":{"rendered":"Brasil cria 67,3 mil vagas formais de trabalho no 1\u00ba semestre de 2017"},"content":{"rendered":"<div class=\"mc-column content-text active-extra-styles active-capital-letter\" data-block-type=\"unstyled\" data-block-weight=\"34\">\n<p class=\"content-text__container theme-color-primary-first-letter\" data-track-category=\"Link no Texto\" data-track-links=\"\">O Minist\u00e9rio do Trabalho informou que o Brasil gerou no primeiro semestre deste ano 67.358 mil vagas formais de trabalho. Os dados constam do Cadastro Geral de Empregados e Desempregados (Caged).<\/p>\n<\/div>\n<div class=\"mc-column content-text active-extra-styles \" data-block-type=\"unstyled\" data-block-weight=\"28\">\n<p class=\"content-text__container \" data-track-category=\"Link no Texto\" data-track-links=\"\">Este foi o primeiro resultado positivo para o per\u00edodo desde 2014. Ao todo, segundo o governo, foram 7.523.289 contrata\u00e7\u00f5es nos primeiros seis meses deste ano e 7.455.931 demiss\u00f5es.<\/p>\n<\/div>\n<div class=\"mc-column content-text active-extra-styles \" data-block-type=\"unstyled\" data-block-weight=\"21\">\n<p class=\"content-text__container \" data-track-category=\"Link no Texto\" data-track-links=\"\">No primeiro semestre do ano passado, foram registradas 531,7 mil demiss\u00f5es a mais do que as contrata\u00e7\u00f5es. Em 2015, 345,4 mil.<\/p>\n<\/div>\n<div class=\"mc-column content-text active-extra-styles \" data-block-type=\"unstyled\" data-block-weight=\"36\">\n<p class=\"content-text__container \" data-track-category=\"Link no Texto\" data-track-links=\"\">Os n\u00fameros do primeiro semestre, assim como dos \u00faltimos anos, foram ajustados para incorporar informa\u00e7\u00f5es enviadas pelas empresas fora do prazo nos meses de janeiro a maio. Os dados de junho ainda s\u00e3o considerados sem ajuste.<\/p>\n<\/div>\n<div class=\"show-chart mc-column content-media content-media--normal\">\n<div class=\"show-chart__title\">Gera\u00e7\u00e3o de empregos em 2017<\/div>\n<div class=\"show-chart__subtitle\">Resultados m\u00eas a m\u00eas<\/div>\n<div id=\"show-chart__2u6ka\" data-highcharts-chart=\"0\">\n<div id=\"highcharts-9v3teju-0\" class=\"highcharts-container \"><svg version=\"1.1\" class=\"highcharts-root\" xmlns=\"http:\/\/www.w3.org\/2000\/svg\" width=\"648\" height=\"400\" viewbox=\"0 0 648 400\"><defs><clippath id=\"highcharts-9v3teju-1\"><rect x=\"0\" y=\"0\" width=\"591\" height=\"350\" fill=\"none\"><\/rect><\/clippath><\/defs><rect fill=\"transparent\" class=\"highcharts-background\" x=\"0\" y=\"0\" width=\"648\" height=\"400\" rx=\"0\" ry=\"0\"><\/rect><rect fill=\"none\" class=\"highcharts-plot-background\" x=\"47\" y=\"10\" width=\"591\" height=\"350\"><\/rect><g class=\"highcharts-grid highcharts-xaxis-grid \"><path fill=\"none\" class=\"highcharts-grid-line\" d=\"M 145.5 10 L 145.5 360\" opacity=\"1\"><\/path><path fill=\"none\" class=\"highcharts-grid-line\" d=\"M 243.5 10 L 243.5 360\" opacity=\"1\"><\/path><path fill=\"none\" class=\"highcharts-grid-line\" d=\"M 342.5 10 L 342.5 360\" opacity=\"1\"><\/path><path fill=\"none\" class=\"highcharts-grid-line\" d=\"M 440.5 10 L 440.5 360\" opacity=\"1\"><\/path><path fill=\"none\" class=\"highcharts-grid-line\" d=\"M 539.5 10 L 539.5 360\" opacity=\"1\"><\/path><path fill=\"none\" class=\"highcharts-grid-line\" d=\"M 637.5 10 L 637.5 360\" opacity=\"1\"><\/path><path fill=\"none\" class=\"highcharts-grid-line\" d=\"M 46.5 10 L 46.5 360\" opacity=\"1\"><\/path><\/g><g class=\"highcharts-grid highcharts-yaxis-grid \"><path fill=\"none\" stroke=\"#e6e6e6\" stroke-width=\"1\" class=\"highcharts-grid-line\" d=\"M 47 360.5 L 638 360.5\" opacity=\"1\"><\/path><path fill=\"none\" stroke=\"#e6e6e6\" stroke-width=\"1\" class=\"highcharts-grid-line\" d=\"M 47 302.5 L 638 302.5\" opacity=\"1\"><\/path><path fill=\"none\" stroke=\"#e6e6e6\" stroke-width=\"1\" class=\"highcharts-grid-line\" d=\"M 47 243.5 L 638 243.5\" opacity=\"1\"><\/path><path fill=\"none\" stroke=\"#e6e6e6\" stroke-width=\"1\" class=\"highcharts-grid-line\" d=\"M 47 185.5 L 638 185.5\" opacity=\"1\"><\/path><path fill=\"none\" stroke=\"#e6e6e6\" stroke-width=\"1\" class=\"highcharts-grid-line\" d=\"M 47 127.5 L 638 127.5\" opacity=\"1\"><\/path><path fill=\"none\" stroke=\"#e6e6e6\" stroke-width=\"1\" class=\"highcharts-grid-line\" d=\"M 47 68.5 L 638 68.5\" opacity=\"1\"><\/path><path fill=\"none\" stroke=\"#e6e6e6\" stroke-width=\"1\" class=\"highcharts-grid-line\" d=\"M 47 10.5 L 638 10.5\" opacity=\"1\"><\/path><\/g><rect fill=\"none\" class=\"highcharts-plot-border\" x=\"47\" y=\"10\" width=\"591\" height=\"350\"><\/rect><g class=\"highcharts-axis highcharts-xaxis \"><path fill=\"none\" class=\"highcharts-tick\" stroke=\"#ccd6eb\" stroke-width=\"1\" d=\"M 145.5 360 L 145.5 370\" opacity=\"1\"><\/path><path fill=\"none\" class=\"highcharts-tick\" stroke=\"#ccd6eb\" stroke-width=\"1\" d=\"M 243.5 360 L 243.5 370\" opacity=\"1\"><\/path><path fill=\"none\" class=\"highcharts-tick\" stroke=\"#ccd6eb\" stroke-width=\"1\" d=\"M 342.5 360 L 342.5 370\" opacity=\"1\"><\/path><path fill=\"none\" class=\"highcharts-tick\" stroke=\"#ccd6eb\" stroke-width=\"1\" d=\"M 440.5 360 L 440.5 370\" opacity=\"1\"><\/path><path fill=\"none\" class=\"highcharts-tick\" stroke=\"#ccd6eb\" stroke-width=\"1\" d=\"M 539.5 360 L 539.5 370\" opacity=\"1\"><\/path><path fill=\"none\" class=\"highcharts-tick\" stroke=\"#ccd6eb\" stroke-width=\"1\" d=\"M 638.5 360 L 638.5 370\" opacity=\"1\"><\/path><path fill=\"none\" class=\"highcharts-tick\" stroke=\"#ccd6eb\" stroke-width=\"1\" d=\"M 46.5 360 L 46.5 370\" opacity=\"1\"><\/path><path fill=\"none\" class=\"highcharts-axis-line\" stroke=\"#ccd6eb\" stroke-width=\"1\" d=\"M 47 360.5 L 638 360.5\"><\/path><\/g><g class=\"highcharts-axis highcharts-yaxis \"><path fill=\"none\" class=\"highcharts-axis-line\" d=\"M 47 10 L 47 360\"><\/path><\/g><g class=\"highcharts-series-group\"><g class=\"highcharts-series highcharts-series-0 highcharts-line-series highcharts-color-undefined \" transform=\"translate(47,10) scale(1 1)\" clip-path=\"url(#highcharts-9v3teju-1)\"><path fill=\"none\" d=\"M 49.25 270.3516666666667 L 147.75 91.90533333333332 L 246.25 323.456 L 344.75 35.335999999999956 L 443.25 95.07399999999998 L 541.75 152.08433333333332\" class=\"highcharts-graph\" stroke=\"#EC473C\" stroke-width=\"2\" stroke-linejoin=\"round\" stroke-linecap=\"round\"><\/path><path fill=\"none\" d=\"M 39.25 270.3516666666667 L 49.25 270.3516666666667 L 147.75 91.90533333333332 L 246.25 323.456 L 344.75 35.335999999999956 L 443.25 95.07399999999998 L 541.75 152.08433333333332 L 551.75 152.08433333333332\" stroke-linejoin=\"round\" visibility=\"visible\" stroke=\"rgba(192,192,192,0.0001)\" stroke-width=\"22\" class=\"highcharts-tracker\"><\/path><\/g><g class=\"highcharts-markers highcharts-series-0 highcharts-line-series highcharts-color-undefined highcharts-tracker\" transform=\"translate(47,10) scale(1 1)\" clip-path=\"none\"><path fill=\"#EC473C\" d=\"M 53 270 A 4 4 0 1 1 52.99999800000017 269.99600000066664 Z\" class=\"highcharts-point highcharts-negative\"><\/path><path fill=\"#EC473C\" d=\"M 151 92 A 4 4 0 1 1 150.99999800000018 91.99600000066667 Z\" class=\"highcharts-point\"><\/path><path fill=\"#EC473C\" d=\"M 250 323 A 4 4 0 1 1 249.99999800000018 322.99600000066664 Z\" class=\"highcharts-point highcharts-negative\"><\/path><path fill=\"#EC473C\" d=\"M 348 35 A 4 4 0 1 1 347.9999980000002 34.99600000066666 Z\" class=\"highcharts-point\"><\/path><path fill=\"#EC473C\" d=\"M 447 95 A 4 4 0 1 1 446.9999980000002 94.99600000066667 Z\" class=\"highcharts-point\"><\/path><path fill=\"#EC473C\" d=\"M 545 152 A 4 4 0 1 1 544.9999980000001 151.99600000066667 Z\" class=\"highcharts-point\"><\/path><\/g><\/g><g class=\"highcharts-data-labels highcharts-series-0 highcharts-line-series highcharts-color-undefined \" transform=\"translate(47,10) scale(1 1)\" opacity=\"1\"><g class=\"highcharts-label highcharts-data-label highcharts-data-label-color-undefined \" transform=\"translate(25,245)\"><text x=\"5\" y=\"16\"><tspan x=\"5\" y=\"16\" class=\"highcharts-text-outline\" fill=\"#FFFFFF\" stroke=\"#FFFFFF\" stroke-width=\"2px\" stroke-linejoin=\"round\">-40.865<\/tspan><tspan x=\"5\" y=\"16\">-40.865<\/tspan><\/text><\/g><g class=\"highcharts-label highcharts-data-label highcharts-data-label-color-undefined \" transform=\"translate(125,67)\"><text x=\"5\" y=\"16\"><tspan x=\"5\" y=\"16\" class=\"highcharts-text-outline\" fill=\"#FFFFFF\" stroke=\"#FFFFFF\" stroke-width=\"2px\" stroke-linejoin=\"round\">35.612<\/tspan><tspan x=\"5\" y=\"16\">35.612<\/tspan><\/text><\/g><g class=\"highcharts-label highcharts-data-label highcharts-data-label-color-undefined \" transform=\"translate(222,298)\"><text x=\"5\" y=\"16\"><tspan x=\"5\" y=\"16\" class=\"highcharts-text-outline\" fill=\"#FFFFFF\" stroke=\"#FFFFFF\" stroke-width=\"2px\" stroke-linejoin=\"round\">-63.624<\/tspan><tspan x=\"5\" y=\"16\">-63.624<\/tspan><\/text><\/g><g class=\"highcharts-label highcharts-data-label highcharts-data-label-color-undefined \" transform=\"translate(322,10)\"><text x=\"5\" y=\"16\"><tspan x=\"5\" y=\"16\" class=\"highcharts-text-outline\" fill=\"#FFFFFF\" stroke=\"#FFFFFF\" stroke-width=\"2px\" stroke-linejoin=\"round\">59.856<\/tspan><tspan x=\"5\" y=\"16\">59.856<\/tspan><\/text><\/g><g class=\"highcharts-label highcharts-data-label highcharts-data-label-color-undefined \" transform=\"translate(421,70)\"><text x=\"5\" y=\"16\"><tspan x=\"5\" y=\"16\" class=\"highcharts-text-outline\" fill=\"#FFFFFF\" stroke=\"#FFFFFF\" stroke-width=\"2px\" stroke-linejoin=\"round\">34.254<\/tspan><tspan x=\"5\" y=\"16\">34.254<\/tspan><\/text><\/g><g class=\"highcharts-label highcharts-data-label highcharts-data-label-color-undefined \" transform=\"translate(523,127)\"><text x=\"5\" y=\"16\"><tspan x=\"5\" y=\"16\" class=\"highcharts-text-outline\" fill=\"#FFFFFF\" stroke=\"#FFFFFF\" stroke-width=\"2px\" stroke-linejoin=\"round\">9.821<\/tspan><tspan x=\"5\" y=\"16\">9.821<\/tspan><\/text><\/g><\/g><g class=\"highcharts-axis-labels highcharts-xaxis-labels \"><text x=\"96.25\" text-anchor=\"middle\" transform=\"translate(0,0)\" y=\"380\" opacity=\"1\"><tspan>Janeiro<\/tspan><\/text><text x=\"194.75\" text-anchor=\"middle\" transform=\"translate(0,0)\" y=\"380\" opacity=\"1\"><tspan>Fevereiro<\/tspan><\/text><text x=\"293.25\" text-anchor=\"middle\" transform=\"translate(0,0)\" y=\"380\" opacity=\"1\"><tspan>Mar\u00e7o<\/tspan><\/text><text x=\"391.75\" text-anchor=\"middle\" transform=\"translate(0,0)\" y=\"380\" opacity=\"1\"><tspan>Abril<\/tspan><\/text><text x=\"490.25\" text-anchor=\"middle\" transform=\"translate(0,0)\" y=\"380\" opacity=\"1\"><tspan>Maio<\/tspan><\/text><text x=\"588.75\" text-anchor=\"middle\" transform=\"translate(0,0)\" y=\"380\" opacity=\"1\"><tspan>Junho<\/tspan><\/text><\/g><g class=\"highcharts-axis-labels highcharts-yaxis-labels \"><text x=\"32\" text-anchor=\"end\" transform=\"translate(0,0)\" y=\"364\" opacity=\"1\"><tspan>-75k<\/tspan><\/text><text x=\"32\" text-anchor=\"end\" transform=\"translate(0,0)\" y=\"305\" opacity=\"1\"><tspan>-50k<\/tspan><\/text><text x=\"32\" text-anchor=\"end\" transform=\"translate(0,0)\" y=\"247\" opacity=\"1\"><tspan>-25k<\/tspan><\/text><text x=\"32\" text-anchor=\"end\" transform=\"translate(0,0)\" y=\"188\" opacity=\"1\"><tspan>0<\/tspan><\/text><text x=\"32\" text-anchor=\"end\" transform=\"translate(0,0)\" y=\"130\" opacity=\"1\"><tspan>25k<\/tspan><\/text><text x=\"32\" text-anchor=\"end\" transform=\"translate(0,0)\" y=\"72\" opacity=\"1\"><tspan>50k<\/tspan><\/text><text x=\"32\" text-anchor=\"end\" transform=\"translate(0,0)\" y=\"13\" opacity=\"1\"><tspan>75k<\/tspan><\/text><\/g><\/svg><\/div>\n<\/div>\n<div class=\"show-chart__credits\">Fonte: Caged\/Minist\u00e9rio do Trabalho<\/div>\n<\/div>\n<div class=\"mc-column content-text active-extra-styles\" data-block-type=\"raw\" data-block-weight=\"3\">\n<div class=\"content-intertitle\">\n<h2>Resultado de junho<\/h2>\n<\/div>\n<\/div>\n<div class=\"mc-column content-text active-extra-styles \" data-block-type=\"unstyled\" data-block-weight=\"19\">\n<p class=\"content-text__container \" data-track-category=\"Link no Texto\" data-track-links=\"\">Os dados de junho tamb\u00e9m mostraram mais contrata\u00e7\u00f5es do que demiss\u00f5es. No m\u00eas passado foram abertas 9.821 vagas formais.<\/p>\n<\/div>\n<div class=\"mc-column content-text active-extra-styles \" data-block-type=\"unstyled\" data-block-weight=\"25\">\n<p class=\"content-text__container \" data-track-category=\"Link no Texto\" data-track-links=\"\">Foi a primeira vez, desde 2014, que houve cria\u00e7\u00e3o de postos formais no m\u00eas de junho. Naquele ano, foram abertas 25.363 vagas com carteira assinada.<\/p>\n<\/div>\n<div class=\"mc-column content-text active-extra-styles \" data-block-type=\"unstyled\" data-block-weight=\"14\">\n<p class=\"content-text__container \" data-track-category=\"Link no Texto\" data-track-links=\"\">Al\u00e9m disso, junho foi o terceiro m\u00eas consecutivo de cria\u00e7\u00e3o de postos de trabalho.<\/p>\n<\/div>\n<div class=\"mc-column content-text active-extra-styles \" data-block-type=\"unstyled\" data-block-weight=\"56\">\n<p class=\"content-text__container \" data-track-category=\"Link no Texto\" data-track-links=\"\">&#8220;Gostar\u00edamos de estar comemorando n\u00fameros melhores do que esses. Mas a economia d\u00e1 sinais de recupera\u00e7\u00e3o, e melhor que seja gradual e em patamares menores, do que venhamos a ter uma bolha e depois [queda]. Isso \u00e9 uma sinaliza\u00e7\u00e3o de que a economia se estabelece de forma mais segura&#8221;, avaliou o ministro do Trabalho, Ronaldo Nogueira.Nogueira avaliou, tamb\u00e9m, que a\u00e7\u00f5es do governo contribu\u00edram para a gera\u00e7\u00e3o de empregos no primeiro semestre, como a libera\u00e7\u00e3o de saques das contas inativas do FGTS, al\u00e9m do ajuste nas contas p\u00fablicas e a reforma trabalhista.<\/p>\n<\/div>\n<div class=\"mc-column content-text active-extra-styles \" data-block-type=\"unstyled\" data-block-weight=\"26\">\n<p class=\"content-text__container \" data-track-category=\"Link no Texto\" data-track-links=\"\">Segundo ele, a expectativa \u00e9 que o resultado final deste ano seja com mais contrata\u00e7\u00f5es do que demiss\u00f5es. Ronaldo Nogueira, por\u00e9m, n\u00e3o quis fazer uma estimativa.<\/p>\n<\/div>\n<div class=\"mc-column content-text active-extra-styles \" data-block-type=\"unstyled\" data-block-weight=\"19\">\n<p class=\"content-text__container \" data-track-category=\"Link no Texto\" data-track-links=\"\">&#8220;Economia n\u00e3o tem como estimar. Os pr\u00f3prios economistas cometem erros. Os astr\u00f3logos e os profetas tamb\u00e9m erram previs\u00f5es&#8221;, disse.<\/p>\n<\/div>\n<div class=\"mc-column content-media content-media--normal content-video\" data-block-type=\"backstage-video\" itemscope=\"\" itemtype=\"http:\/\/schema.org\/VideoObject\">\n<div class=\"content-media__container content-media__container--loaded\" itemprop=\"video\">\n<div class=\"content-video__video\">\n<div data-player=\"\" class=\"clappr-player\" id=\"wp3-player-0\" tabindex=\"9999\">\n<div class=\"dfp-ad-overlay dfp-poster-mode\" data-ad-overlay=\"\">\n<div class=\"mc-column content-text active-extra-styles\" data-block-type=\"raw\" data-block-weight=\"1\">\n<div class=\"content-intertitle\">\n<h2><strong>\u00daltimos 12 meses<\/strong><\/h2>\n<\/div>\n<\/div>\n<\/div>\n<\/div>\n<\/div>\n<\/div>\n<\/div>\n<div class=\"mc-column content-text active-extra-styles \" data-block-type=\"unstyled\" data-block-weight=\"36\">\n<p class=\"content-text__container \" data-track-category=\"Link no Texto\" data-track-links=\"\">Apesar da cria\u00e7\u00e3o de empregos formais em junho e no primeiro semestre deste ano, o Minist\u00e9rio do Trabalho informou que, nos \u00faltimos doze meses at\u00e9 junho, foi registrada a demiss\u00e3o de 749.060 trabalhadores com carteira assinada.<\/p>\n<\/div>\n<div class=\"mc-column content-text active-extra-styles\" data-block-type=\"raw\" data-block-weight=\"1\">\n<div class=\"content-intertitle\">\n<h2>Setores<\/h2>\n<\/div>\n<\/div>\n<div class=\"mc-column content-text active-extra-styles \" data-block-type=\"unstyled\" data-block-weight=\"30\">\n<p class=\"content-text__container \" data-track-category=\"Link no Texto\" data-track-links=\"\">No primeiro semestre deste ano, de acordo com o Minist\u00e9rio do Trabalho, cinco setores da economia admitiram trabalhadores. O setor que mais contratou foi a agricultura, com 117.013 vagas abertas.<\/p>\n<\/div>\n<div class=\"mc-column content-text active-extra-styles \" data-block-type=\"unstyled\" data-block-weight=\"37\">\n<p class=\"content-text__container \" data-track-category=\"Link no Texto\" data-track-links=\"\">Neste per\u00edodo, a ind\u00fastria de transforma\u00e7\u00e3o registrou a abertura de 27.775 empregos com carteira assinada, ao mesmo tempo em que o setor de servi\u00e7os contratou 60.757 trabalhadores formais. A administra\u00e7\u00e3o p\u00fablica registrou a contratra\u00e7\u00e3o de 18.372 pessoas.<\/p>\n<\/div>\n<div class=\"mc-column content-text active-extra-styles \" data-block-type=\"unstyled\" data-block-weight=\"22\">\n<p class=\"content-text__container \" data-track-category=\"Link no Texto\" data-track-links=\"\">Por outro lado, o com\u00e9rcio ainda teve resultado negativo, com a demiss\u00e3o de 123.238 trabalhadores com carteira no primeiro semestre deste ano.<\/p>\n<\/div>\n<div class=\"content-ads content-ads--reveal\">\n<div data-id=\"banner_materia__63775f627d0142bdb4610309ecda0b4e\" class=\"tag-manager-publicidade-container has-reveal has-ad-lazyload tag-manager-publicidade-banner_materia__63775f627d0142bdb4610309ecda0b4e tag-manager-publicidade-container--carregado tag-manager-publicidade-container--visivel\" id=\"banner_materia__63775f627d0142bdb4610309ecda0b4e\" data-google-query-id=\"CK3ewqiXkdUCFUSEkQodGaQMSw\" data-cid=\"138204144388\" data-lid=\"4348902864\">\n<div id=\"google_ads_iframe_\/95377733\/tvg_G1\/Economia_3__container__\">A constru\u00e7\u00e3o civil, por sua vez, fechou 33.164 vagas formais no per\u00edodo, enquanto a ind\u00fastria extrativa mineral demitiu 1.444 empregados.<\/div>\n<\/div>\n<\/div>\n<div class=\"mc-column content-text active-extra-styles\" data-block-type=\"raw\" data-block-weight=\"2\">\n<div class=\"content-intertitle\">\n<h2>N\u00fameros regionais<\/h2>\n<\/div>\n<\/div>\n<div class=\"mc-column content-text active-extra-styles \" data-block-type=\"unstyled\" data-block-weight=\"22\">\n<p class=\"content-text__container \" data-track-category=\"Link no Texto\" data-track-links=\"\">Segundo o Minist\u00e9rio do Trabalho, houve o registro de contrata\u00e7\u00f5es em tr\u00eas das cinco regi\u00f5es do pa\u00eds no primeiro semestre de 2017.<\/p>\n<\/div>\n<div class=\"mc-column content-text active-extra-styles \" data-block-type=\"unstyled\" data-block-weight=\"35\">\n<p class=\"content-text__container \" data-track-category=\"Link no Texto\" data-track-links=\"\">A regi\u00e3o Sudeste foi a que mais abriu vagas formais seis primeiros meses deste ano, quando 67.414 pessoas foram contratadas. Na regi\u00e3o Centro-Oeste, foram abertas 62.025 vagas e, na regi\u00e3o Sul, outros 46.662 foram contratados.<\/p>\n<\/div>\n<div class=\"mc-column content-text active-extra-styles \" data-block-type=\"unstyled\" data-block-weight=\"27\">\n<p class=\"content-text__container \" data-track-category=\"Link no Texto\" data-track-links=\"\">A regi\u00e3o Nordeste, entretanto, registrou a demiss\u00e3o de 96.330 trabalhadores nos seis primeiros meses deste ano, enquanto a regi\u00e3o Norte contabilizou o fechamento de 12.413 vagas formais.<\/p>\n<p>Fonte: G1<\/p>\n<\/div>\n","protected":false},"excerpt":{"rendered":"<p>O Minist\u00e9rio do Trabalho informou que o Brasil gerou no primeiro semestre deste ano 67.358 mil vagas formais de trabalho. Os dados constam do Cadastro&#8230;<\/p>\n","protected":false},"author":1182,"featured_media":19010,"comment_status":"closed","ping_status":"closed","sticky":false,"template":"","format":"standard","meta":{"footnotes":""},"categories":[6],"tags":[],"class_list":["post-23945","post","type-post","status-publish","format-standard","has-post-thumbnail","hentry","category-noticias"],"_links":{"self":[{"href":"https:\/\/www.sincomam.org.br\/index.php\/wp-json\/wp\/v2\/posts\/23945","targetHints":{"allow":["GET"]}}],"collection":[{"href":"https:\/\/www.sincomam.org.br\/index.php\/wp-json\/wp\/v2\/posts"}],"about":[{"href":"https:\/\/www.sincomam.org.br\/index.php\/wp-json\/wp\/v2\/types\/post"}],"author":[{"embeddable":true,"href":"https:\/\/www.sincomam.org.br\/index.php\/wp-json\/wp\/v2\/users\/1182"}],"replies":[{"embeddable":true,"href":"https:\/\/www.sincomam.org.br\/index.php\/wp-json\/wp\/v2\/comments?post=23945"}],"version-history":[{"count":1,"href":"https:\/\/www.sincomam.org.br\/index.php\/wp-json\/wp\/v2\/posts\/23945\/revisions"}],"predecessor-version":[{"id":23946,"href":"https:\/\/www.sincomam.org.br\/index.php\/wp-json\/wp\/v2\/posts\/23945\/revisions\/23946"}],"wp:featuredmedia":[{"embeddable":true,"href":"https:\/\/www.sincomam.org.br\/index.php\/wp-json\/wp\/v2\/media\/19010"}],"wp:attachment":[{"href":"https:\/\/www.sincomam.org.br\/index.php\/wp-json\/wp\/v2\/media?parent=23945"}],"wp:term":[{"taxonomy":"category","embeddable":true,"href":"https:\/\/www.sincomam.org.br\/index.php\/wp-json\/wp\/v2\/categories?post=23945"},{"taxonomy":"post_tag","embeddable":true,"href":"https:\/\/www.sincomam.org.br\/index.php\/wp-json\/wp\/v2\/tags?post=23945"}],"curies":[{"name":"wp","href":"https:\/\/api.w.org\/{rel}","templated":true}]}}