{"id":23943,"date":"2017-07-18T00:41:24","date_gmt":"2017-07-18T03:41:24","guid":{"rendered":"http:\/\/sincomam.org.br\/?p=23943"},"modified":"2017-07-17T17:43:13","modified_gmt":"2017-07-17T20:43:13","slug":"mercado-estima-inflacao-menor-em-2017-e-2018-e-ve-juros-mais-baixos","status":"publish","type":"post","link":"https:\/\/www.sincomam.org.br\/index.php\/mercado-estima-inflacao-menor-em-2017-e-2018-e-ve-juros-mais-baixos\/","title":{"rendered":"Mercado estima infla\u00e7\u00e3o menor em 2017 e 2018 e v\u00ea juros mais baixos"},"content":{"rendered":"<p>Os economistas do mercado financeiro reduziram novamente suas estimativas de infla\u00e7\u00e3o para os anos de 2017 e de 2018 e tamb\u00e9m baixaram sua previs\u00e3o para a taxa b\u00e1sica de juros neste ano.<\/p>\n<div class=\"mc-column content-text active-extra-styles \" data-block-type=\"unstyled\" data-block-weight=\"32\">\n<p class=\"content-text__container \" data-track-category=\"Link no Texto\" data-track-links=\"\">As expectativas foram coletadas pelo Banco Central na semana passada e divulgadas nesta segunda-feira (17) por meio do relat\u00f3rio de mercado, tamb\u00e9m conhecido como Focus. Mais de cem institui\u00e7\u00f5es financeiras foram ouvidas.<\/p>\n<\/div>\n<div class=\"mc-column content-text active-extra-styles \" data-block-type=\"unstyled\" data-block-weight=\"37\">\n<p class=\"content-text__container \" data-track-category=\"Link no Texto\" data-track-links=\"\">Para o comportamento do \u00cdndice Nacional de Pre\u00e7os ao Consumidor Amplo (IPCA) em 2017 \u2013 a infla\u00e7\u00e3o oficial do pa\u00eds \u2013, o mercado baixou sua previs\u00e3o de 3,38% para 3,29%. Foi a s\u00e9tima queda seguida do indicador.<\/p>\n<\/div>\n<div class=\"mc-column content-text active-extra-styles \" data-block-type=\"unstyled\" data-block-weight=\"55\">\n<p class=\"content-text__container \" data-track-category=\"Link no Texto\" data-track-links=\"\">Com isso,ficar\u00e1 abaixo da meta central para o ano, que \u00e9 de 4,5%. A meta de infla\u00e7\u00e3o \u00e9 fixada pelo Conselho Monet\u00e1rio Nacional (CMN) e deve ser perseguida pelo Banco Central, que, para alcan\u00e7\u00e1-la, eleva ou reduz a taxa b\u00e1sica de juros da economia (Selic).<\/p>\n<\/div>\n<div class=\"mc-column content-text active-extra-styles \" data-block-type=\"unstyled\" data-block-weight=\"28\">\n<p class=\"content-text__container \" data-track-category=\"Link no Texto\" data-track-links=\"\">A meta central de infla\u00e7\u00e3o n\u00e3o \u00e9 atingida no Brasil desde 2009. \u00c0 \u00e9poca, o pa\u00eds ainda sentia os efeitos da crise financeira internacional de forma mais intensa.<\/p>\n<\/div>\n<div class=\"mc-column content-text active-extra-styles \" data-block-type=\"unstyled\" data-block-weight=\"26\">\n<p class=\"content-text__container \" data-track-category=\"Link no Texto\" data-track-links=\"\">Pelo sistema vigente no Brasil, a meta de infla\u00e7\u00e3o \u00e9 considerada formalmente cumprida quando o IPCA fica dentro do intervalo de toler\u00e2ncia tamb\u00e9m fixado pelo CMN.<\/p>\n<\/div>\n<div class=\"mc-column content-text active-extra-styles \" data-block-type=\"unstyled\" data-block-weight=\"35\">\n<p class=\"content-text__container \" data-track-category=\"Link no Texto\" data-track-links=\"\">Para 2017, esse intervalo \u00e9 de 1,5 ponto percentual para baixo ou para cima do centro da meta. Assim, o BC ter\u00e1 cumprido a meta se o IPCA terminar este ano entre 3% e 6%.<\/p>\n<\/div>\n<div class=\"mc-column content-text active-extra-styles \" data-block-type=\"unstyled\" data-block-weight=\"40\">\n<p class=\"content-text__container \" data-track-category=\"Link no Texto\" data-track-links=\"\">Para 2018, a previs\u00e3o do mercado financeiro para a infla\u00e7\u00e3o caiu de 4,24% para 4,20% na sexta redu\u00e7\u00e3o consecutiva. O \u00edndice segue abaixo da meta central (que tamb\u00e9m \u00e9 de 4,5%) e do teto de 6% fixado para o per\u00edodo.<\/p>\n<\/div>\n<div class=\"mc-column content-text active-extra-styles\" data-block-type=\"raw\" data-block-weight=\"3\">\n<div class=\"content-intertitle\">\n<h2><strong>Produto Interno Bruto<\/strong><\/h2>\n<\/div>\n<\/div>\n<div class=\"mc-column content-text active-extra-styles \" data-block-type=\"unstyled\" data-block-weight=\"18\">\n<p class=\"content-text__container \" data-track-category=\"Link no Texto\" data-track-links=\"\">Para o Produto Interno Bruto (PIB) de 2017, o mercado financeiro manteve sua estimativa de crescimento em 0,34%.<\/p>\n<\/div>\n<div class=\"mc-column content-text active-extra-styles \" data-block-type=\"unstyled\" data-block-weight=\"30\">\n<p class=\"content-text__container \" data-track-category=\"Link no Texto\" data-track-links=\"\">O PIB \u00e9 a soma de todos os bens e servi\u00e7os feitos no pa\u00eds, independentemente da nacionalidade de quem os produz, e serve para medir o comportamento da economia brasileira.<\/p>\n<\/div>\n<div class=\"content-ads content-ads--reveal\">\n<div data-id=\"banner_materia2\" class=\"tag-manager-publicidade-container has-reveal has-ad-lazyload tag-manager-publicidade-banner_materia2 tag-manager-publicidade-container--carregado tag-manager-publicidade-container--visivel\" id=\"banner_materia2\" data-google-query-id=\"CP7cibyWkdUCFc0PkQodg5AHTw\" data-cid=\"138204144388\" data-lid=\"4348902864\">\n<div id=\"google_ads_iframe_\/95377733\/tvg_G1\/Economia\/Mercados_2__container__\">Em 2016, o PIB brasileiro caiu pelo segundo ano seguido e confirmou a pior recess\u00e3o da hist\u00f3ria do pa\u00eds, segundo dados divulgados pelo Instituto Brasileiro de Geografia e Estat\u00edstica (IBGE).<\/div>\n<\/div>\n<\/div>\n<div class=\"mc-column content-text active-extra-styles \" data-block-type=\"unstyled\" data-block-weight=\"16\">\n<p class=\"content-text__container \" data-track-category=\"Link no Texto\" data-track-links=\"\">Para 2018, os economistas das institui\u00e7\u00f5es financeiras mantiveram sua estimativa de expans\u00e3o da economia em 2%.<\/p>\n<\/div>\n<div class=\"mc-column content-text active-extra-styles\" data-block-type=\"raw\" data-block-weight=\"3\">\n<div class=\"content-intertitle\">\n<h2><strong>Taxa de juros<\/strong><\/h2>\n<\/div>\n<\/div>\n<div class=\"mc-column content-text active-extra-styles \" data-block-type=\"unstyled\" data-block-weight=\"26\">\n<p class=\"content-text__container \" data-track-category=\"Link no Texto\" data-track-links=\"\">O mercado financeiro baixou sua previs\u00e3o para a taxa b\u00e1sica de juros da economia, a Selic, de 8,25% para 8% ao ano no fechamento de 2017.<\/p>\n<\/div>\n<div class=\"mc-column content-text active-extra-styles \" data-block-type=\"unstyled\" data-block-weight=\"23\">\n<p class=\"content-text__container \" data-track-category=\"Link no Texto\" data-track-links=\"\">Ou seja, os analistas passaram a estimar uma redu\u00e7\u00e3o mais forte dos juros neste ano. Atualmente, a Selic est\u00e1 em 10,25% ao ano.<\/p>\n<\/div>\n<div class=\"mc-column content-text active-extra-styles \" data-block-type=\"unstyled\" data-block-weight=\"31\">\n<p class=\"content-text__container \" data-track-category=\"Link no Texto\" data-track-links=\"\">Para o fechamento de 2018, a estimativa dos economistas dos bancos para a taxa Selic permaneceu 8% ao ano. Com isso, estimaram que os juros ficar\u00e3o est\u00e1veis no ano que vem.<\/p>\n<\/div>\n<div class=\"mc-column content-text active-extra-styles \" data-block-type=\"unstyled\" data-block-weight=\"34\">\n<p class=\"content-text__container \" data-track-category=\"Link no Texto\" data-track-links=\"\">A taxa b\u00e1sica de juros \u00e9 o principal instrumento do BC para tentar conter press\u00f5es inflacion\u00e1rias. A institui\u00e7\u00e3o tem de calibrar os juros para atingir \u00edndices pr\u00e9-determinados pelo sistema de metas de infla\u00e7\u00e3o brasileiro.<\/p>\n<\/div>\n<div class=\"mc-column content-text active-extra-styles \" data-block-type=\"unstyled\" data-block-weight=\"29\">\n<p class=\"content-text__container \" data-track-category=\"Link no Texto\" data-track-links=\"\">As taxas mais altas tendem a reduzir o consumo e o cr\u00e9dito, o que pode contribuir para o controle dos pre\u00e7os. Entretanto, tamb\u00e9m prejudicam a economia e geram desemprego.<\/p>\n<\/div>\n<div class=\"mc-column content-text active-extra-styles\" data-block-type=\"raw\" data-block-weight=\"4\">\n<div class=\"content-intertitle\">\n<h2><strong>C\u00e2mbio, balan\u00e7a e investimentos<\/strong><\/h2>\n<\/div>\n<\/div>\n<div class=\"mc-column content-text active-extra-styles \" data-block-type=\"unstyled\" data-block-weight=\"47\">\n<p class=\"content-text__container \" data-track-category=\"Link no Texto\" data-track-links=\"\">Na edi\u00e7\u00e3o desta semana do relat\u00f3rio Focus, a proje\u00e7\u00e3o do mercado financeiro para a taxa de c\u00e2mbio do d\u00f3lar no fim de 2017 caiu de R$ 3,35 para R$ 3,30. Para o fechamento de 2018, a previs\u00e3o dos economistas para a moeda norte-americana permaneceu em R$ 3,45.<\/p>\n<\/div>\n<div class=\"mc-column content-text active-extra-styles \" data-block-type=\"unstyled\" data-block-weight=\"55\">\n<p class=\"content-text__container \" data-track-category=\"Link no Texto\" data-track-links=\"\">A proje\u00e7\u00e3o do boletim Focus para o resultado da balan\u00e7a comercial (resultado do total de exporta\u00e7\u00f5es menos as importa\u00e7\u00f5es) em 2017 subiu de US$ 59,5 bilh\u00f5es para US$ 60 bilh\u00f5es de resultado positivo. Para o pr\u00f3ximo ano, a estimativa dos especialistas do mercado para o super\u00e1vit avan\u00e7ou de US$ 46,5 bilh\u00f5es para US$ 47,8 bilh\u00f5es.<\/p>\n<\/div>\n<div class=\"mc-column content-text active-extra-styles \" data-block-type=\"unstyled\" data-block-weight=\"33\">\n<p class=\"content-text__container \" data-track-category=\"Link no Texto\" data-track-links=\"\">A previs\u00e3o do relat\u00f3rio para a entrada de investimentos estrangeiros diretos no Brasil, em 2017, permaneceu em US$ 75 bilh\u00f5es. Para 2018, a estimativa dos analistas ficou est\u00e1vel tamb\u00e9m em US$ 75 bilh\u00f5es.<\/p>\n<p>Fonte: G1<\/p>\n<\/div>\n","protected":false},"excerpt":{"rendered":"<p>Os economistas do mercado financeiro reduziram novamente suas estimativas de infla\u00e7\u00e3o para os anos de 2017 e de 2018 e tamb\u00e9m baixaram sua previs\u00e3o para&#8230;<\/p>\n","protected":false},"author":1182,"featured_media":18713,"comment_status":"closed","ping_status":"closed","sticky":false,"template":"","format":"standard","meta":{"footnotes":""},"categories":[6],"tags":[],"class_list":["post-23943","post","type-post","status-publish","format-standard","has-post-thumbnail","hentry","category-noticias"],"_links":{"self":[{"href":"https:\/\/www.sincomam.org.br\/index.php\/wp-json\/wp\/v2\/posts\/23943","targetHints":{"allow":["GET"]}}],"collection":[{"href":"https:\/\/www.sincomam.org.br\/index.php\/wp-json\/wp\/v2\/posts"}],"about":[{"href":"https:\/\/www.sincomam.org.br\/index.php\/wp-json\/wp\/v2\/types\/post"}],"author":[{"embeddable":true,"href":"https:\/\/www.sincomam.org.br\/index.php\/wp-json\/wp\/v2\/users\/1182"}],"replies":[{"embeddable":true,"href":"https:\/\/www.sincomam.org.br\/index.php\/wp-json\/wp\/v2\/comments?post=23943"}],"version-history":[{"count":1,"href":"https:\/\/www.sincomam.org.br\/index.php\/wp-json\/wp\/v2\/posts\/23943\/revisions"}],"predecessor-version":[{"id":23944,"href":"https:\/\/www.sincomam.org.br\/index.php\/wp-json\/wp\/v2\/posts\/23943\/revisions\/23944"}],"wp:featuredmedia":[{"embeddable":true,"href":"https:\/\/www.sincomam.org.br\/index.php\/wp-json\/wp\/v2\/media\/18713"}],"wp:attachment":[{"href":"https:\/\/www.sincomam.org.br\/index.php\/wp-json\/wp\/v2\/media?parent=23943"}],"wp:term":[{"taxonomy":"category","embeddable":true,"href":"https:\/\/www.sincomam.org.br\/index.php\/wp-json\/wp\/v2\/categories?post=23943"},{"taxonomy":"post_tag","embeddable":true,"href":"https:\/\/www.sincomam.org.br\/index.php\/wp-json\/wp\/v2\/tags?post=23943"}],"curies":[{"name":"wp","href":"https:\/\/api.w.org\/{rel}","templated":true}]}}