{"id":23933,"date":"2017-07-17T00:00:28","date_gmt":"2017-07-17T03:00:28","guid":{"rendered":"http:\/\/www.sincomam.org.br\/?p=23933"},"modified":"2017-07-16T21:40:29","modified_gmt":"2017-07-17T00:40:29","slug":"lula-fala-em-dedicar-vida-para-provar-que-pais-pode-ser-diferente","status":"publish","type":"post","link":"https:\/\/www.sincomam.org.br\/index.php\/lula-fala-em-dedicar-vida-para-provar-que-pais-pode-ser-diferente\/","title":{"rendered":"Lula fala em dedicar vida para provar que Pa\u00eds pode ser diferente"},"content":{"rendered":"<p>O ex-presidente Luiz In\u00e1cio Lula da Silva\u00a0disse que vai dedicar o tempo de vida que lhe resta para provar que o Brasil pode ser diferente e que a situa\u00e7\u00e3o s\u00f3cio econ\u00f4mica atual dos brasileiros pode mudar. A opini\u00e3o foi expressa em v\u00eddeo postado em sua conta no Facebook, em que criticou o atual governo\u00a0e o Congresso Nacional que, de acordo com ele, est\u00e1 desmontando as conquistas dos trabalhadores.<\/p>\n<p>\u201cAs pessoas no Brasil hoje est\u00e3o com a autoestima baixa porque a economia est\u00e1 muito ruim, h\u00e1 uma desagrega\u00e7\u00e3o do \u00e2nimo da sociedade por conta do desemprego\u201d, disse o ex-presidente. \u201cN\u00f3s temos um governo que n\u00e3o representa absolutamente nada. Temos um Congresso desacreditado, que est\u00e1 desmontando conquistas dos trabalhadores nos \u00faltimos anos\u201d, continuou.<\/p>\n<p>Segundo o petista, se as pessoas n\u00e3o tiverem autoestima, n\u00e3o tiverem esperan\u00e7a nas pessoas que governam o Pa\u00eds, nada vai acontecer. \u201cTodo mundo acorda azedo, todo mundo vai dormir azedo, xingando os vizinhos. Ao inv\u00e9s de olhar para seus pr\u00f3prios defeitos, come\u00e7am a culpar\u201d\u201d, observou.<\/p>\n<p>Lula afirmou no v\u00eddeo que teve o prazer de viver no Pa\u00eds o momento de maior autoestima do povo. \u201cAs pessoas acreditavam, sonhavam, tinham emprego, queriam estudar. Tudo isso foi poss\u00edvel criar e agora nada parece ser poss\u00edvel. N\u00f3s precisamos voltar a ter autoestima, acreditar no Pa\u00eds, acreditar no potencial do Brasil, acreditar que \u00e9 poss\u00edvel um Brasil ser diferente\u201d, afirmou.<\/p>\n<p>\u201cTenho consci\u00eancia de que o Brasil, se governado por algu\u00e9m que goste do povo, que conviva com o povo, que ou\u00e7a o povo, pode melhorar. \u00c9 nisso que eu acredito e quero dedicar o resto de tempo que tenho na minha vida para provar que estas coisas podem acontecer e que o Brasil poder\u00e1 ser diferente.\u201d Lula disse ainda que o Brasil precisa de menos \u00f3dio e mais amor, de menos \u00f3dio mais paz, de menos \u00f3dio e mais toler\u00e2ncia, de menos preconceito e mais compreens\u00e3o.<\/p>\n<p>\u201cA gente tem que entender que h\u00e1 pessoas mais competente do que a gente, que crescem mais do que a gente, que pode trocar de carro e a gente n\u00e3o pode ter preconceito com as pessoas que progridem e nem ter inveja. A gente tem que torcer para que as pessoas possam vencer na vida porque se elas podem n\u00f3s tamb\u00e9m podemos\u201d, aconselhou o ex-presidente. Ele disse que essa \u00e9 a sociedade com que sonha e quer ajudar a construir no resto de vida que ainda tem.<\/p>\n<p>\u201cPara a natureza parece que \u00e9 pouco porque eu j\u00e1 tenho 71 anos, mas como eu acho que vou viver at\u00e9 os 100 anos, eu vou ter muito tempo pela frente para ajudar a construir o Brasil que todo mundo deseja\u201d, concluiu.<\/p>\n","protected":false},"excerpt":{"rendered":"<p>O ex-presidente Luiz In\u00e1cio Lula da Silva\u00a0disse que vai dedicar o tempo de vida que lhe resta para provar que o Brasil pode ser diferente&#8230;<\/p>\n","protected":false},"author":1182,"featured_media":18583,"comment_status":"closed","ping_status":"closed","sticky":false,"template":"","format":"standard","meta":{"footnotes":""},"categories":[6],"tags":[],"class_list":["post-23933","post","type-post","status-publish","format-standard","has-post-thumbnail","hentry","category-noticias"],"_links":{"self":[{"href":"https:\/\/www.sincomam.org.br\/index.php\/wp-json\/wp\/v2\/posts\/23933","targetHints":{"allow":["GET"]}}],"collection":[{"href":"https:\/\/www.sincomam.org.br\/index.php\/wp-json\/wp\/v2\/posts"}],"about":[{"href":"https:\/\/www.sincomam.org.br\/index.php\/wp-json\/wp\/v2\/types\/post"}],"author":[{"embeddable":true,"href":"https:\/\/www.sincomam.org.br\/index.php\/wp-json\/wp\/v2\/users\/1182"}],"replies":[{"embeddable":true,"href":"https:\/\/www.sincomam.org.br\/index.php\/wp-json\/wp\/v2\/comments?post=23933"}],"version-history":[{"count":1,"href":"https:\/\/www.sincomam.org.br\/index.php\/wp-json\/wp\/v2\/posts\/23933\/revisions"}],"predecessor-version":[{"id":23934,"href":"https:\/\/www.sincomam.org.br\/index.php\/wp-json\/wp\/v2\/posts\/23933\/revisions\/23934"}],"wp:featuredmedia":[{"embeddable":true,"href":"https:\/\/www.sincomam.org.br\/index.php\/wp-json\/wp\/v2\/media\/18583"}],"wp:attachment":[{"href":"https:\/\/www.sincomam.org.br\/index.php\/wp-json\/wp\/v2\/media?parent=23933"}],"wp:term":[{"taxonomy":"category","embeddable":true,"href":"https:\/\/www.sincomam.org.br\/index.php\/wp-json\/wp\/v2\/categories?post=23933"},{"taxonomy":"post_tag","embeddable":true,"href":"https:\/\/www.sincomam.org.br\/index.php\/wp-json\/wp\/v2\/tags?post=23933"}],"curies":[{"name":"wp","href":"https:\/\/api.w.org\/{rel}","templated":true}]}}