{"id":23925,"date":"2017-07-14T00:38:21","date_gmt":"2017-07-14T03:38:21","guid":{"rendered":"http:\/\/www.sincomam.org.br\/?p=23925"},"modified":"2017-07-14T13:39:26","modified_gmt":"2017-07-14T16:39:26","slug":"23925","status":"publish","type":"post","link":"https:\/\/www.sincomam.org.br\/index.php\/23925\/","title":{"rendered":"Medalha M\u00e9rito Mar\u00edtimo"},"content":{"rendered":"<p class=\"Textbody\">O PRESIDENTE DO SENADO FEDERAL,\u00a0no exerc\u00edcio do cargo de Presidente da Rep\u00fablica, no uso da atribui\u00e7\u00e3o que lhe confere o art. 84,\u00a0caput, inciso VI, al\u00ednea \u201ca\u201d, da Constitui\u00e7\u00e3o,\u00a0<\/p>\n<p class=\"Textbody\">DECRETA:\u00a0<\/p>\n<p class=\"Textbody\"><a name=\"art1\"><\/a>Art. 1<s>\u00ba<\/s>\u00a0\u00a0Fica criada a Medalha M\u00e9rito Mar\u00edtimo, destinada a agraciar os aquavi\u00e1rios da Marinha Mercante Brasileira, oficiais e subalternos, que tenham se destacado por exemplar dedica\u00e7\u00e3o \u00e0 profiss\u00e3o e por invulgar interesse no aprimoramento de seus misteres a bordo.\u00a0<\/p>\n<p class=\"Textbody\"><a name=\"art2\"><\/a>Art. 2<s>\u00ba<\/s>\u00a0\u00a0A Medalha M\u00e9rito Mar\u00edtimo ser\u00e1 confeccionada em bronze e ter\u00e1 forma de hept\u00e1gono, com 2,6cm de lado, emoldurado por cabos de bronze e pendente de uma fita de gorgur\u00e3o de seda, com 3,5cm de largura por 3,0cm de altura, de cor azul, tendo ao centro uma faixa branca, com passador de bronze, de prata ou de ouro.\u00a0<\/p>\n<p class=\"Textbody\">\u00a7 1<s>\u00ba<\/s>\u00a0 No anverso da Medalha M\u00e9rito Mar\u00edtimo, no campo do hept\u00e1gono, figurar\u00e1 a silhueta de um planisf\u00e9rio em alto relevo, que representa os sete mares, e as inscri\u00e7\u00f5es \u201cM\u00e9rito\u201d, na parte superior, e \u201cMar\u00edtimo\u201d, na inferior.\u00a0<\/p>\n<p class=\"Textbody\">\u00a7 2<s>\u00ba<\/s>\u00a0 No reverso da Medalha M\u00e9rito Mar\u00edtimo, entre ramos em arco, figurar\u00e1 a inscri\u00e7\u00e3o \u201cReconhecimento ao Marinheiro Mercante\u201d em suave relevo, em quatro linhas harmonicamente dispostas.\u00a0<\/p>\n<p class=\"Textbody\">\u00a7 3<s>\u00ba<\/s>\u00a0 Sobre a barreta da Medalha M\u00e9rito Mar\u00edtimo, haver\u00e1 o passador, confeccionado:<\/p>\n<p class=\"Textbody\">I &#8211; em bronze, aplicadas uma, duas, tr\u00eas ou quatro \u00e2ncoras de bronze;<\/p>\n<p class=\"Textbody\">II &#8211; em prata, aplicadas quatro \u00e2ncoras de prata; ou<\/p>\n<p class=\"Textbody\">III &#8211; em ouro, aplicadas quatro \u00e2ncoras de ouro.\u00a0<\/p>\n<p class=\"Textbody\">\u00a7 4<s>\u00ba<\/s>\u00a0 As \u00e2ncoras a que se refere o \u00a7 3<s>\u00ba<\/s>\u00a0ter\u00e3o 0,7cm de altura por 0,6cm de largura e estar\u00e3o harmonicamente dispostas, para distinguir as faixas crescentes de n\u00famero de dias de embarque completados pelo agraciado.\u00a0<\/p>\n<p class=\"Textbody\"><a name=\"art3\"><\/a>Art. 3<s>\u00ba<\/s>\u00a0\u00a0A Medalha M\u00e9rito Mar\u00edtimo ser\u00e1 concedida pelo Comandante da Marinha.\u00a0<\/p>\n<p class=\"Textbody\"><a name=\"art4\"><\/a>Art. 4<s>\u00ba<\/s>\u00a0 Cabe ao Comandante da Marinha editar os atos complementares necess\u00e1rios \u00e0 implementa\u00e7\u00e3o do disposto neste Decreto, permitida a delega\u00e7\u00e3o.\u00a0<\/p>\n<p class=\"Textbody\"><a name=\"art5\"><\/a>Art. 5<s>\u00ba<\/s>\u00a0\u00a0\u00c9 permitido o uso da Medalha M\u00e9rito Mar\u00edtimo nos uniformes dos aquavi\u00e1rios.\u00a0<\/p>\n<p class=\"Textbody\"><a name=\"art6\"><\/a>Art. 6<s>\u00ba<\/s>\u00a0\u00a0Este Decreto entra em vigor na data de sua publica\u00e7\u00e3o.\u00a0<\/p>\n<p class=\"PreformattedText\">Bras\u00edlia, 7 de julho de 2017; 196<s>\u00ba<\/s>\u00a0da Independ\u00eancia e 129<s>\u00ba<\/s>\u00a0da Rep\u00fablica.\u00a0<\/p>\n<p>Fonte: Planalto.gov.br\u00a0<\/p>\n","protected":false},"excerpt":{"rendered":"<p>O PRESIDENTE DO SENADO FEDERAL,\u00a0no exerc\u00edcio do cargo de Presidente da Rep\u00fablica, no uso da atribui\u00e7\u00e3o que lhe confere o art. 84,\u00a0caput, inciso VI, al\u00ednea&#8230;<\/p>\n","protected":false},"author":1182,"featured_media":23926,"comment_status":"closed","ping_status":"closed","sticky":false,"template":"","format":"standard","meta":{"footnotes":""},"categories":[6],"tags":[],"class_list":["post-23925","post","type-post","status-publish","format-standard","has-post-thumbnail","hentry","category-noticias"],"_links":{"self":[{"href":"https:\/\/www.sincomam.org.br\/index.php\/wp-json\/wp\/v2\/posts\/23925","targetHints":{"allow":["GET"]}}],"collection":[{"href":"https:\/\/www.sincomam.org.br\/index.php\/wp-json\/wp\/v2\/posts"}],"about":[{"href":"https:\/\/www.sincomam.org.br\/index.php\/wp-json\/wp\/v2\/types\/post"}],"author":[{"embeddable":true,"href":"https:\/\/www.sincomam.org.br\/index.php\/wp-json\/wp\/v2\/users\/1182"}],"replies":[{"embeddable":true,"href":"https:\/\/www.sincomam.org.br\/index.php\/wp-json\/wp\/v2\/comments?post=23925"}],"version-history":[{"count":2,"href":"https:\/\/www.sincomam.org.br\/index.php\/wp-json\/wp\/v2\/posts\/23925\/revisions"}],"predecessor-version":[{"id":23928,"href":"https:\/\/www.sincomam.org.br\/index.php\/wp-json\/wp\/v2\/posts\/23925\/revisions\/23928"}],"wp:featuredmedia":[{"embeddable":true,"href":"https:\/\/www.sincomam.org.br\/index.php\/wp-json\/wp\/v2\/media\/23926"}],"wp:attachment":[{"href":"https:\/\/www.sincomam.org.br\/index.php\/wp-json\/wp\/v2\/media?parent=23925"}],"wp:term":[{"taxonomy":"category","embeddable":true,"href":"https:\/\/www.sincomam.org.br\/index.php\/wp-json\/wp\/v2\/categories?post=23925"},{"taxonomy":"post_tag","embeddable":true,"href":"https:\/\/www.sincomam.org.br\/index.php\/wp-json\/wp\/v2\/tags?post=23925"}],"curies":[{"name":"wp","href":"https:\/\/api.w.org\/{rel}","templated":true}]}}