{"id":23921,"date":"2017-07-14T13:31:37","date_gmt":"2017-07-14T16:31:37","guid":{"rendered":"http:\/\/www.sincomam.org.br\/?p=23921"},"modified":"2017-07-14T13:31:37","modified_gmt":"2017-07-14T16:31:37","slug":"estoques-privados-do-grao-cairam-27","status":"publish","type":"post","link":"https:\/\/www.sincomam.org.br\/index.php\/estoques-privados-do-grao-cairam-27\/","title":{"rendered":"Estoques privados do gr\u00e3o ca\u00edram 27%"},"content":{"rendered":"<p>Os estoques de passagem privados de caf\u00e9 do Brasil somavam 9,866 milh\u00f5es de sacas de 60 quilos em 31 de mar\u00e7o deste ano, 27,4% abaixo das 13,589 milh\u00f5es de sacas na mesma data de 2016, conforme levantamento divulgado ontem pela Conab.<\/p>\n<p>Os dados sobre os estoques de passagem de caf\u00e9 referentes \u00e0 safra 2016\/17, bastante aguardados pelo mercado, foram recebidos com uma ponta de ceticismo pelos exportadores do produto. O volume nos armaz\u00e9ns \u00e9 o menor desde a safra 2011\/12.<\/p>\n<p>Segundo a Conab, do total dos estoques, 8,871 milh\u00f5es de sacas eram de caf\u00e9 ar\u00e1bica &#8211; um ano antes, somavam 12,470 milh\u00f5es de sacas. Os estoques de caf\u00e9 conilon totalizavam 995 mil sacas em 31 de mar\u00e7o, tamb\u00e9m abaixo das 1,119 milh\u00e3o de sacas existentes em igual data de 2016.<\/p>\n<p>O levantamento da Conab para estimar o estoque de passagem no fim da safra 2016\/17 foi realizado entre mar\u00e7o e junho deste ano. \u00c9 a terceira queda consecutiva dos estoques privados de caf\u00e9 no pa\u00eds levantados pela Conab. E a mais expressiva delas. Ainda que gerem questionamentos, os dados corroboram a percep\u00e7\u00e3o do setor cafeeiro de que houve uma forte queda nos estoques do gr\u00e3o no pa\u00eds.<\/p>\n<p>Ontem, o presidente do Conselho dos Exportadores de Caf\u00e9 do Brasil (Cecaf\u00e9) Nelson Carvalhaes mostrou d\u00favidas em rela\u00e7\u00e3o aos n\u00fameros da Conab e defendeu mais investimentos nos levantamentos feitos pela estatal.<\/p>\n<p>&#8220;O que chama a aten\u00e7\u00e3o \u00e9 que a conta n\u00e3o fecha&#8221;, disse. Considerando os n\u00fameros de consumo interno e das exporta\u00e7\u00f5es entre abril e junho deste ano, a demanda ficaria ao redor de 12,2 milh\u00f5es de sacas de caf\u00e9, segundo o Cecaf\u00e9. Assim, estariam &#8220;faltando&#8221; cerca de 2,5 milh\u00f5es de sacas para suprir esse consumo se os n\u00fameros da Conab estiverem corretos.<\/p>\n<p>De acordo com a Conab, foram pesquisados 931 armazenadores com a emiss\u00e3o de 1.495 boletins. Do total de boletins emitidos, apenas 575 foram preenchidos e 920 n\u00e3o preencheram as informa\u00e7\u00f5es.<\/p>\n<p>A queda expressiva nos estoques de ar\u00e1bica pode ser explicada pelo fato de que a menor oferta de conilon na safra 2016\/17 levou torrefadoras do pa\u00eds a utilizar mais ar\u00e1bica em seus blends.<\/p>\n<p>Para Nathan Herszkowicz, diretor-executivo da Associa\u00e7\u00e3o Brasileira da Ind\u00fastria de Caf\u00e9 (Abic), os n\u00fameros da Conab indicam um mercado &#8220;apertado&#8221; para o caf\u00e9, como a ind\u00fastria j\u00e1 vinha apontando. &#8220;Pode ser que os volumes n\u00e3o sejam suficientes para atender a demanda da exporta\u00e7\u00e3o e do mercado dom\u00e9stico&#8221;, disse.<\/p>\n<p>Por seu racioc\u00ednio, considerando uma colheita de 45,5 milh\u00f5es de sacas na safra 2017\/18 mais o estoque de 9,8 milh\u00f5es, haveria uma disponibilidade de cerca de 55 milh\u00f5es de sacas de caf\u00e9. Como a exporta\u00e7\u00e3o de caf\u00e9 deve ficar em torno de 33 milh\u00f5es de sacas e o consumo dom\u00e9stico \u00e9 de 21 milh\u00f5es de sacas, haveria uma sobra de apenas 1 milh\u00e3o de sacas. &#8220;\u00c9 um mercado justo&#8221;, reiterou.<\/p>\n<p>Fonte: \u00a0Valor<\/p>\n","protected":false},"excerpt":{"rendered":"<p>Os estoques de passagem privados de caf\u00e9 do Brasil somavam 9,866 milh\u00f5es de sacas de 60 quilos em 31 de mar\u00e7o deste ano, 27,4% abaixo&#8230;<\/p>\n","protected":false},"author":1182,"featured_media":18822,"comment_status":"closed","ping_status":"closed","sticky":false,"template":"","format":"standard","meta":{"footnotes":""},"categories":[6],"tags":[],"class_list":["post-23921","post","type-post","status-publish","format-standard","has-post-thumbnail","hentry","category-noticias"],"_links":{"self":[{"href":"https:\/\/www.sincomam.org.br\/index.php\/wp-json\/wp\/v2\/posts\/23921","targetHints":{"allow":["GET"]}}],"collection":[{"href":"https:\/\/www.sincomam.org.br\/index.php\/wp-json\/wp\/v2\/posts"}],"about":[{"href":"https:\/\/www.sincomam.org.br\/index.php\/wp-json\/wp\/v2\/types\/post"}],"author":[{"embeddable":true,"href":"https:\/\/www.sincomam.org.br\/index.php\/wp-json\/wp\/v2\/users\/1182"}],"replies":[{"embeddable":true,"href":"https:\/\/www.sincomam.org.br\/index.php\/wp-json\/wp\/v2\/comments?post=23921"}],"version-history":[{"count":1,"href":"https:\/\/www.sincomam.org.br\/index.php\/wp-json\/wp\/v2\/posts\/23921\/revisions"}],"predecessor-version":[{"id":23922,"href":"https:\/\/www.sincomam.org.br\/index.php\/wp-json\/wp\/v2\/posts\/23921\/revisions\/23922"}],"wp:featuredmedia":[{"embeddable":true,"href":"https:\/\/www.sincomam.org.br\/index.php\/wp-json\/wp\/v2\/media\/18822"}],"wp:attachment":[{"href":"https:\/\/www.sincomam.org.br\/index.php\/wp-json\/wp\/v2\/media?parent=23921"}],"wp:term":[{"taxonomy":"category","embeddable":true,"href":"https:\/\/www.sincomam.org.br\/index.php\/wp-json\/wp\/v2\/categories?post=23921"},{"taxonomy":"post_tag","embeddable":true,"href":"https:\/\/www.sincomam.org.br\/index.php\/wp-json\/wp\/v2\/tags?post=23921"}],"curies":[{"name":"wp","href":"https:\/\/api.w.org\/{rel}","templated":true}]}}