{"id":23916,"date":"2017-07-14T13:27:43","date_gmt":"2017-07-14T16:27:43","guid":{"rendered":"http:\/\/www.sincomam.org.br\/?p=23916"},"modified":"2017-07-14T13:27:43","modified_gmt":"2017-07-14T16:27:43","slug":"usiminas-anuncia-alta-de-107-no-preco-de-laminados-a-quente-para-distribuidores","status":"publish","type":"post","link":"https:\/\/www.sincomam.org.br\/index.php\/usiminas-anuncia-alta-de-107-no-preco-de-laminados-a-quente-para-distribuidores\/","title":{"rendered":"Usiminas anuncia alta de 10,7% no pre\u00e7o de laminados a quente para distribuidores"},"content":{"rendered":"<p>A Usiminas (USIM5.SA) anunciou nesta quarta-feira que elevar\u00e1 em 10,7 por cento os pre\u00e7os de produtos laminados a quente para a rede de distribui\u00e7\u00e3o, em uma a\u00e7\u00e3o incomum para a empresa que costuma ser discreta sobre reajustes de pre\u00e7os.<\/p>\n<p>A companhia afirmou, em comunicado ao mercado, que o aumento vai entrar em vigor nos pr\u00f3ximos dias e reflete &#8220;recupera\u00e7\u00e3o das cota\u00e7\u00f5es no mercado internacional em fun\u00e7\u00e3o da demanda maior por a\u00e7os planos no exterior&#8221;.<\/p>\n<p>Segundo fonte do mercado de a\u00e7o, as rivais ArcelorMittal, CSN (CSNA3.SA) e Gerdau (GGBR4.SA) ainda n\u00e3o informaram distribuidores sobre reajustes, algo que costuma ocorrer quando uma primeira usina anuncia reajuste.<\/p>\n<p>&#8220;\u00c9 incomum eles fazerem isso&#8230; pode ser uma estrat\u00e9gia para deixar claro que vai ter aumento e motivar outras usinas a fazer o mesmo&#8221;, disse a fonte. &#8220;A Usiminas compra placas e a placa subiu de pre\u00e7o junto com a bobina, se n\u00e3o reajustar, ela n\u00e3o opera o laminador de Cubat\u00e3o (SP) sem perdas&#8221;, acrescentou.<\/p>\n<p>Procurada, a Usiminas informou que n\u00e3o vai se pronunciar sobre o assunto al\u00e9m do que j\u00e1 informou na comunica\u00e7\u00e3o do reajuste. Representantes da CSN, ArcelorMittal e Gerdau n\u00e3o se manifestaram de imediato.<\/p>\n<p>&#8220;Estamos achando que este reajuste da Usiminas \u00e9 meio descabido, porque a demanda est\u00e1 caindo e os pre\u00e7os n\u00e3o est\u00e3o bons&#8221;, disse uma representante de uma grande distribuidora de a\u00e7os planos em Minas Gerais.<\/p>\n<p>As a\u00e7\u00f5es da Usiminas subiam 0,6 por cento \u00e0s 12:27, enquanto pap\u00e9is da CSN tinham queda de 0,13 por cento ap\u00f3s saltarem na v\u00e9spera 6,5 por cento. Gerdau mostrava desvaloriza\u00e7\u00e3o de 0,64 por cento.<\/p>\n<p>Analistas do BTG Pactual comentaram que a not\u00edcia do reajuste da Usiminas \u00e9 positiva, mas o impacto tende a ser limitado devido ao fato do reajuste ser sobre uma base descontada. O banco tem recomenda\u00e7\u00e3o &#8220;neutra&#8221; para o papel.<\/p>\n<p>Para a primeira fonte, para a Usiminas conseguir implantar o reajuste as usinas rivais ter\u00e3o que acompanhar o movimento. &#8220;N\u00e3o existe nenhum movimento ainda das outras usinas, mas este comunicado oficial vai fazer com que elas se mexam. Se elas n\u00e3o acompanharem vai ser dif\u00edcil a Usiminas implantar&#8221;, disse a fonte, acrescentando que a diferen\u00e7a de pre\u00e7o atual entre a\u00e7o nacional e importado (conhecida no setor como pr\u00eamio) &#8220;est\u00e1 muito pequena&#8221;.<\/p>\n<p>&#8220;Em laminados a quente existe espa\u00e7o (para reajuste), mas a frio e galvanizados n\u00e3o&#8221;, disse a fonte.<\/p>\n<p>Fonte: \u00a0Reuters<\/p>\n","protected":false},"excerpt":{"rendered":"<p>A Usiminas (USIM5.SA) anunciou nesta quarta-feira que elevar\u00e1 em 10,7 por cento os pre\u00e7os de produtos laminados a quente para a rede de distribui\u00e7\u00e3o, em&#8230;<\/p>\n","protected":false},"author":1182,"featured_media":4290,"comment_status":"closed","ping_status":"closed","sticky":false,"template":"","format":"standard","meta":{"footnotes":""},"categories":[6],"tags":[],"class_list":["post-23916","post","type-post","status-publish","format-standard","has-post-thumbnail","hentry","category-noticias"],"_links":{"self":[{"href":"https:\/\/www.sincomam.org.br\/index.php\/wp-json\/wp\/v2\/posts\/23916","targetHints":{"allow":["GET"]}}],"collection":[{"href":"https:\/\/www.sincomam.org.br\/index.php\/wp-json\/wp\/v2\/posts"}],"about":[{"href":"https:\/\/www.sincomam.org.br\/index.php\/wp-json\/wp\/v2\/types\/post"}],"author":[{"embeddable":true,"href":"https:\/\/www.sincomam.org.br\/index.php\/wp-json\/wp\/v2\/users\/1182"}],"replies":[{"embeddable":true,"href":"https:\/\/www.sincomam.org.br\/index.php\/wp-json\/wp\/v2\/comments?post=23916"}],"version-history":[{"count":1,"href":"https:\/\/www.sincomam.org.br\/index.php\/wp-json\/wp\/v2\/posts\/23916\/revisions"}],"predecessor-version":[{"id":23917,"href":"https:\/\/www.sincomam.org.br\/index.php\/wp-json\/wp\/v2\/posts\/23916\/revisions\/23917"}],"wp:featuredmedia":[{"embeddable":true,"href":"https:\/\/www.sincomam.org.br\/index.php\/wp-json\/wp\/v2\/media\/4290"}],"wp:attachment":[{"href":"https:\/\/www.sincomam.org.br\/index.php\/wp-json\/wp\/v2\/media?parent=23916"}],"wp:term":[{"taxonomy":"category","embeddable":true,"href":"https:\/\/www.sincomam.org.br\/index.php\/wp-json\/wp\/v2\/categories?post=23916"},{"taxonomy":"post_tag","embeddable":true,"href":"https:\/\/www.sincomam.org.br\/index.php\/wp-json\/wp\/v2\/tags?post=23916"}],"curies":[{"name":"wp","href":"https:\/\/api.w.org\/{rel}","templated":true}]}}