{"id":23902,"date":"2017-07-12T00:12:17","date_gmt":"2017-07-12T03:12:17","guid":{"rendered":"http:\/\/sincomam.org.br\/?p=23902"},"modified":"2017-07-11T21:23:26","modified_gmt":"2017-07-12T00:23:26","slug":"protestos-na-br-163-afetam-carregamentos-de-barcacas-de-graos-no-para-diz-abiove","status":"publish","type":"post","link":"https:\/\/www.sincomam.org.br\/index.php\/protestos-na-br-163-afetam-carregamentos-de-barcacas-de-graos-no-para-diz-abiove\/","title":{"rendered":"Protestos na BR-163 afetam carregamentos de barca\u00e7as de gr\u00e3os no Par\u00e1, diz Abiove"},"content":{"rendered":"<p>A programa\u00e7\u00e3o de embarques de gr\u00e3os pelo porto fluvial de Miritituba, no Par\u00e1, come\u00e7a a ser prejudicada pelos protestos na BR-163, no sudoeste do Estado, gerando cancelamentos nos despachos de algumas cargas, disse nesta ter\u00e7a-feira um representante da Associa\u00e7\u00e3o Brasileira das Ind\u00fastrias de \u00d3leos Vegetais (Abiove).<\/p>\n<p>Com os bloqueios na BR-163 desde a semana passada, os carregamentos de soja e milho est\u00e3o encontrando dificuldades de chegar ao porto de Miritituba, reduzindo a oferta no terminal, de onde as cargas s\u00e3o levadas em barca\u00e7as para os demais terminais do chamado Arco Norte.<\/p>\n<p>&#8220;A situa\u00e7\u00e3o piorou. Uma parte j\u00e1 cancelou os embarques, a outra est\u00e1 para cancelar tamb\u00e9m. As tradings em Miritituba dizem que est\u00e3o recebendo caminh\u00f5es a conta gotas, com os embarques na imin\u00eancia de parar&#8221;, disse \u00e0 Reuters o gerente de economia da Abiove, Daniel Furlan Amaral, em conversa por telefone.<\/p>\n<p>As manifesta\u00e7\u00f5es na BR-163 acontecem em um momento delicado, j\u00e1 que o Brasil est\u00e1 colhendo uma safra recorde de milho e precisa exportar o cereal para reduzir o seu excedente.<\/p>\n<p>Segundo Amaral, os problemas envolvem principalmente o transporte de milho.<\/p>\n<p>Mas, disse ele, ainda h\u00e1 gr\u00e3os armazenados nos portos exportadores de Barcarena e Santar\u00e9m, que recebem as barca\u00e7as com produtos de Miritituba, garantindo por ora o fluxo de exporta\u00e7\u00e3o.<\/p>\n<p>O problema preocupa exportadores de milho.<\/p>\n<p>&#8220;Poderia haver queda (na exporta\u00e7\u00e3o) se perdudar este neg\u00f3cio de bloqueio&#8221;, disse \u00e0 Reuters o diretor-geral da Associa\u00e7\u00e3o Nacional dos Exportadores de Cereais (Anec), S\u00e9rgio Mendes, ressaltando que para o pa\u00eds exportar os volumes previstos \u00e9 preciso que todos os canais de escoamento funcionem bem.<\/p>\n<p>Ele evitou detalhar se h\u00e1 impacto para as exporta\u00e7\u00f5es no momento.<\/p>\n<p>Os protestos t\u00eam levado empresas de transporte rodovi\u00e1rio a evitarem a rota da BR-163, destacou a Abiove.<\/p>\n<p>&#8220;As pr\u00f3prias transportadoras n\u00e3o querem fazer frete para essa regi\u00e3o. Toda a cadeia produtora perde por causa de um problema que n\u00e3o tem nada a ver com ela&#8221;, acrescentou o gerente da Abiove, sem quantificar os cancelamentos em Miritituba.<\/p>\n<p>Amaral estimou que os preju\u00edzos di\u00e1rios poderiam chegar a 400 mil d\u00f3lares, em fun\u00e7\u00e3o dos cancelamentos dos embarques, pagamentos de multas, reordenamento da log\u00edstica, entre outros fatores.<\/p>\n<p>Bloqueios Di\u00e1rios<\/p>\n<p>Desde a semana passada, protestos s\u00e3o realizados na rodovia que corta o sudoeste do Par\u00e1 por agricultores, comerciantes, pecuaristas e outros segmentos contr\u00e1rios ao veto do presidente Michel Temer \u00e0 medida provis\u00f3ria 756, que alterava os limites da Floresta Nacional do Jamanxim.<\/p>\n<p>Os manifestantes defendem a utiliza\u00e7\u00e3o comercial de parte da \u00e1rea.<\/p>\n<p>Os bloqueios na BR-163 ocorrem nesta ter\u00e7a-feira em Castelo dos Sonhos, distrito de Altamira, informou a Pol\u00edcia Rodovi\u00e1ria Federal.<\/p>\n<p>Os protestos devem continuar, segundo a pol\u00edcia, pelo menos at\u00e9 quarta-feira, prejudicando a log\u00edstica das empresas.<\/p>\n<p>&#8220;Essa situa\u00e7\u00e3o \u00e9 uma situa\u00e7\u00e3o onde a log\u00edstica n\u00e3o tem como trabalhar. Requer planejamento, contrata\u00e7\u00e3o, agendamento de fluxo de embarques. Da forma como est\u00e1 hoje, o setor n\u00e3o consegue trabalhar&#8221;, disse Amaral, da Abiove.<\/p>\n<p>Conforme os dados da Companhia Nacional de Abastecimento (Conab) divulgados nesta ter\u00e7a-feira, o pa\u00eds deve produzir em 2016\/17 cerca de 65,6 milh\u00f5es de toneladas de milho de segunda safra, em fase de colheita, bem acima das 40,77 milh\u00f5es de toneladas de 2015\/16.<\/p>\n<p>Fonte: Reuters<\/p>\n","protected":false},"excerpt":{"rendered":"<p>A programa\u00e7\u00e3o de embarques de gr\u00e3os pelo porto fluvial de Miritituba, no Par\u00e1, come\u00e7a a ser prejudicada pelos protestos na BR-163, no sudoeste do Estado,&#8230;<\/p>\n","protected":false},"author":1182,"featured_media":17907,"comment_status":"closed","ping_status":"closed","sticky":false,"template":"","format":"standard","meta":{"footnotes":""},"categories":[6],"tags":[],"class_list":["post-23902","post","type-post","status-publish","format-standard","has-post-thumbnail","hentry","category-noticias"],"_links":{"self":[{"href":"https:\/\/www.sincomam.org.br\/index.php\/wp-json\/wp\/v2\/posts\/23902","targetHints":{"allow":["GET"]}}],"collection":[{"href":"https:\/\/www.sincomam.org.br\/index.php\/wp-json\/wp\/v2\/posts"}],"about":[{"href":"https:\/\/www.sincomam.org.br\/index.php\/wp-json\/wp\/v2\/types\/post"}],"author":[{"embeddable":true,"href":"https:\/\/www.sincomam.org.br\/index.php\/wp-json\/wp\/v2\/users\/1182"}],"replies":[{"embeddable":true,"href":"https:\/\/www.sincomam.org.br\/index.php\/wp-json\/wp\/v2\/comments?post=23902"}],"version-history":[{"count":1,"href":"https:\/\/www.sincomam.org.br\/index.php\/wp-json\/wp\/v2\/posts\/23902\/revisions"}],"predecessor-version":[{"id":23903,"href":"https:\/\/www.sincomam.org.br\/index.php\/wp-json\/wp\/v2\/posts\/23902\/revisions\/23903"}],"wp:featuredmedia":[{"embeddable":true,"href":"https:\/\/www.sincomam.org.br\/index.php\/wp-json\/wp\/v2\/media\/17907"}],"wp:attachment":[{"href":"https:\/\/www.sincomam.org.br\/index.php\/wp-json\/wp\/v2\/media?parent=23902"}],"wp:term":[{"taxonomy":"category","embeddable":true,"href":"https:\/\/www.sincomam.org.br\/index.php\/wp-json\/wp\/v2\/categories?post=23902"},{"taxonomy":"post_tag","embeddable":true,"href":"https:\/\/www.sincomam.org.br\/index.php\/wp-json\/wp\/v2\/tags?post=23902"}],"curies":[{"name":"wp","href":"https:\/\/api.w.org\/{rel}","templated":true}]}}