{"id":23892,"date":"2017-07-12T00:18:39","date_gmt":"2017-07-12T03:18:39","guid":{"rendered":"http:\/\/sincomam.org.br\/?p=23892"},"modified":"2017-07-11T18:45:05","modified_gmt":"2017-07-11T21:45:05","slug":"com-nova-troca-temer-tem-maioria-de-votos-declarados-na-ccj","status":"publish","type":"post","link":"https:\/\/www.sincomam.org.br\/index.php\/com-nova-troca-temer-tem-maioria-de-votos-declarados-na-ccj\/","title":{"rendered":"Com nova troca, Temer tem maioria de votos declarados na CCJ"},"content":{"rendered":"<p>Com a d\u00e9cima troca de membros titulares da Comiss\u00e3o de Constitui\u00e7\u00e3o e Justi\u00e7a (CCJ), pela primeira vez desde que o GLOBO come\u00e7ou a mapear o posicionamento dos deputados no colegiado o presidente Michel Temer tem a maioria dos votos declarados. S\u00e3o 22 deputados que declaram voto contra a den\u00fancia do procurador-geral Rodrigo Janot e 21 favor\u00e1veis.<\/p>\n<p>Beto Mansur (PRB-SP), um dos principais aliados de Temer, assumiu a vaga de Lincoln Portela (PRB-MG), que assumiu seu voto a favor da den\u00fancia mesmo depois de a base aliada ter iniciado a troca de deputados na comiss\u00e3o.<\/p>\n<p>H\u00e1 ainda a expectativa de mais trocas na comiss\u00e3o, como no caso do deputado Espiridi\u00e3o Amin (PP-SC), que \u00e9 da base e anunciou voto a favor da den\u00fancia.<\/p>\n<p><strong>NOVOS INTEGRANTES ANUNCIAM VOTO<\/strong><\/p>\n<p>Uma das parlamentares que se posicionou a favor do presidente nesta ter\u00e7a-feira foi Magda Moffato (PR-GO), que virou titular da comiss\u00e3o ontem justamente para que seu partido d\u00ea os votos contra a den\u00fancia.<br \/>\u2014 Minha preocupa\u00e7\u00e3o \u00e9 com o pa\u00eds, n\u00e3o com o futuro de Michel Temer. A sa\u00edda do presidente causaria uma grande desestabiliza\u00e7\u00e3o no pa\u00eds. Temos que pensar na nossa na\u00e7\u00e3o, n\u00e3o no presidente. N\u00e3o quero que o Brasil vire uma Venezuela, que no prazo de dois anos tenhamos cinco presidentes. Temos que acabar com a corrup\u00e7\u00e3o e n\u00e3o com o pa\u00eds. Com as medidas adotadas pela atual gest\u00e3o, a economia estava se recuperando e o pa\u00eds estava est\u00e1vel. Os deputados precisam votar com responsabilidade. A decis\u00e3o n\u00e3o pode vir por raiva, emo\u00e7\u00f5es do momento ou \u00f3dio contra algu\u00e9m \u2013 disse Magda.<\/p>\n<p>Entre os deputados que assumiram publicamente o apoio a Temer est\u00e1 o tucano Paulo Abi Ackel (MG). Ele afirmou ter tomado essa posi\u00e7\u00e3o ap\u00f3s analisar o parecer do deputado S\u00e9rgio Zveitter (PMDB-RJ) e a defesa feita pelo advogado Ant\u00f4nio Cl\u00e1udio Mariz.<\/p>\n<p>\u2014 Decidi ap\u00f3s ouvir ontem tanto a den\u00fancia quanto a defesa. Vou votar contra a admissibilidade \u2013 anunciou o tucano.<\/p>\n<p>Tamb\u00e9m anunciaram posi\u00e7\u00e3o nessa ter\u00e7a-feira o deputado Domingo Neto (PSD-CE) e Soraya Santos (PMDB-RJ), que assina o<span>\u00a0voto em separado apresentado pela bancada de seu partid<\/span><span>\u00a0<\/span>pela rejei\u00e7\u00e3o da den\u00fancia.<\/p>\n<p><strong>EXPULS\u00c3O DE ZVEITER<\/strong><\/p>\n<p>Com aval de Temer, o l\u00edder do PMDB na C\u00e2mara, deputado Baleia Rossi (SP), est\u00e1 fechando o cerco ao relator da CCJ, Sergio Zveiter. Sabendo disso, o deputado Pedro Paulo (PMDB-RJ), reagiu e amea\u00e7a promover uma &#8220;guerra interna&#8221; se houver fechamento de quest\u00e3o para toda a bancada de 63 deputados do partido contra a denpuncia. Pedro Paulo est\u00e1 enviando carta ao l\u00edder Baleia amea\u00e7ando sair do partido se Zveiter for expulso.<\/p>\n<p>A expuls\u00e3o de Zveiter j\u00e1 \u00e9 defendida por deputados da tropa de choque como o deputado Carlos Marun (PMDB-MS).<\/p>\n<p>\u2014 Vamos para a guerra. N\u00e3o vamos permitir fechamento de quest\u00e3o para toda a bancada, na Executiva. N\u00e3o aceito patrulhamento para que defina o meu voto. Quando houve o impeachment da ex-presidente Dilma Rousseff, n\u00e3o houve fechamento de quest\u00e3o \u2014 disse Pedro Paulo ao GLOBO.<\/p>\n<p>Pedro Paulo est\u00e1 mobilizando os deputados do Rio de Janeiro para reagirem \u00e0s press\u00f5es para a sa\u00edda de Zveiter do partido.<\/p>\n<p>\u2014 Isso seria um desrespeito ao partido. Se isso ocorrer, vou avaliar o meu desligamento tamb\u00e9m \u2014 disse Pedro Paulo<\/p>\n<p>Mas ele acha que a decis\u00e3o deve ocorrer imediatamente e n\u00e3o em agosto. Para ele, o pa\u00eds n\u00e3o pode ficar esperando.<\/p>\n<p>\u2014 N\u00e3o d\u00e1 para ficar esperando. N\u00e3o h\u00e1 hip\u00f3tese de ser em agosto. O pa\u00eds n\u00e3o pode ficar esperando \u2014 disse ele.<\/p>\n<p>Fonte: O Globo<\/p>\n","protected":false},"excerpt":{"rendered":"<p>Com a d\u00e9cima troca de membros titulares da Comiss\u00e3o de Constitui\u00e7\u00e3o e Justi\u00e7a (CCJ), pela primeira vez desde que o GLOBO come\u00e7ou a mapear o&#8230;<\/p>\n","protected":false},"author":1182,"featured_media":18922,"comment_status":"closed","ping_status":"closed","sticky":false,"template":"","format":"standard","meta":{"footnotes":""},"categories":[6],"tags":[],"class_list":["post-23892","post","type-post","status-publish","format-standard","has-post-thumbnail","hentry","category-noticias"],"_links":{"self":[{"href":"https:\/\/www.sincomam.org.br\/index.php\/wp-json\/wp\/v2\/posts\/23892","targetHints":{"allow":["GET"]}}],"collection":[{"href":"https:\/\/www.sincomam.org.br\/index.php\/wp-json\/wp\/v2\/posts"}],"about":[{"href":"https:\/\/www.sincomam.org.br\/index.php\/wp-json\/wp\/v2\/types\/post"}],"author":[{"embeddable":true,"href":"https:\/\/www.sincomam.org.br\/index.php\/wp-json\/wp\/v2\/users\/1182"}],"replies":[{"embeddable":true,"href":"https:\/\/www.sincomam.org.br\/index.php\/wp-json\/wp\/v2\/comments?post=23892"}],"version-history":[{"count":1,"href":"https:\/\/www.sincomam.org.br\/index.php\/wp-json\/wp\/v2\/posts\/23892\/revisions"}],"predecessor-version":[{"id":23893,"href":"https:\/\/www.sincomam.org.br\/index.php\/wp-json\/wp\/v2\/posts\/23892\/revisions\/23893"}],"wp:featuredmedia":[{"embeddable":true,"href":"https:\/\/www.sincomam.org.br\/index.php\/wp-json\/wp\/v2\/media\/18922"}],"wp:attachment":[{"href":"https:\/\/www.sincomam.org.br\/index.php\/wp-json\/wp\/v2\/media?parent=23892"}],"wp:term":[{"taxonomy":"category","embeddable":true,"href":"https:\/\/www.sincomam.org.br\/index.php\/wp-json\/wp\/v2\/categories?post=23892"},{"taxonomy":"post_tag","embeddable":true,"href":"https:\/\/www.sincomam.org.br\/index.php\/wp-json\/wp\/v2\/tags?post=23892"}],"curies":[{"name":"wp","href":"https:\/\/api.w.org\/{rel}","templated":true}]}}