{"id":23886,"date":"2017-07-11T09:09:05","date_gmt":"2017-07-11T12:09:05","guid":{"rendered":"http:\/\/www.sincomam.org.br\/?p=23886"},"modified":"2017-07-11T09:09:05","modified_gmt":"2017-07-11T12:09:05","slug":"exportacao-de-suco-de-laranja-do-brasil-atinge-menor-nivel-em-25-anos","status":"publish","type":"post","link":"https:\/\/www.sincomam.org.br\/index.php\/exportacao-de-suco-de-laranja-do-brasil-atinge-menor-nivel-em-25-anos\/","title":{"rendered":"Exporta\u00e7\u00e3o de suco de laranja do Brasil atinge menor n\u00edvel em 25 anos"},"content":{"rendered":"<div class=\"mc-column content-text active-extra-styles active-capital-letter\" data-block-type=\"unstyled\" data-block-weight=\"58\">\n<p class=\"content-text__container theme-color-primary-first-letter\" data-track-category=\"Link no Texto\" data-track-links=\"\">A exporta\u00e7\u00e3o de suco de laranja do Brasil encerrou a temporada 2016\/17 (julho\/junho) no menor n\u00edvel em mais de 25 anos, com o setor sofrendo o impacto de uma quebra acentuada de safra, informou nesta segunda-feira (10) a Associa\u00e7\u00e3o Nacional dos Exportadores de Sucos C\u00edtricos (CitrusBR). O Brasil \u00e9 o atual maior exportador global de suco de laranja.\u00a0<\/p>\n<\/div>\n<div class=\"mc-column content-text active-extra-styles \" data-block-type=\"unstyled\" data-block-weight=\"60\">\n<p class=\"content-text__container \" data-track-category=\"Link no Texto\" data-track-links=\"\">O setor registrou uma queda de 18,6% na oferta de laranja na safra dos anos 2016 e 2017, para R$ 245,31 milh\u00f5es de caixas. O movimento dessa commodity vai na dire\u00e7\u00e3o contr\u00e1ria ao da agropecu\u00e1ria, que registrou a maior expans\u00e3o em mais de 20 anos em junho deste ano<a href=\"http:\/\/g1.globo.com\/economia\/noticia\/pib-do-brasil-cresce-10-no-1-trimestre-de-2017.ghtml\">\u00a0<\/a>e foi um dos grandes respons\u00e1veis pelo resultado positivo do PIB.\u00a0<\/p>\n<\/div>\n<div class=\"mc-column content-text active-extra-styles \" data-block-type=\"unstyled\" data-block-weight=\"62\">\n<p class=\"content-text__container \" data-track-category=\"Link no Texto\" data-track-links=\"\">Dessa forma, as exporta\u00e7\u00f5es brasileiras de suco de laranja congelado e concentrado somaram 894.669 toneladas no acumulado da safra 2016\/2017, uma redu\u00e7\u00e3o de 17% ante o volume da temporada 2015\/2016, de acordo com os dados da Secretaria de Com\u00e9rcio Exterior (Secex) citados pela CitrusBR. Esse foi o pior patamar desde a safra 1990\/91, quando as exporta\u00e7\u00f5es somaram cerca de 802 mil toneladas.\u00a0<\/p>\n<\/div>\n<div class=\"mc-column content-text active-extra-styles \" data-block-type=\"unstyled\" data-block-weight=\"46\">\n<p class=\"content-text__container \" data-track-category=\"Link no Texto\" data-track-links=\"\">A receita gerada com os embarques na temporada 2016\/17 teve queda de 7% na compara\u00e7\u00e3o com a safra anterior, somando US$ 1,621 bilh\u00e3o, o menor valor obtido pelo setor desde 2009\/10. Essa ind\u00fastria j\u00e1 chegou a exportar mais de US$ 2 bilh\u00f5es em seus melhores momentos.\u00a0<\/p>\n<\/div>\n<div class=\"mc-column content-text active-extra-styles \" data-block-type=\"unstyled\" data-block-weight=\"27\">\n<p class=\"content-text__container \" data-track-category=\"Link no Texto\" data-track-links=\"\">&#8220;A boa not\u00edcia \u00e9 que, apesar da redu\u00e7\u00e3o nos volumes, a receita registrou crescimento de 4% e fechou em US$ 317,5 milh\u00f5es&#8221;, disse a CitrusBR em nota.\u00a0<\/p>\n<\/div>\n<div class=\"mc-column content-text active-extra-styles \" data-block-type=\"unstyled\" data-block-weight=\"37\">\n<p class=\"content-text__container \" data-track-category=\"Link no Texto\" data-track-links=\"\">A retra\u00e7\u00e3o nos embarques totais j\u00e1 era esperada, ressaltou a associa\u00e7\u00e3o, uma vez que as empresas associadas \u00e0 CitrusBR processaram um total de 185,5 milh\u00f5es de caixas de 40,8 quilo, volume 22% menor ante a safra anterior.\u00a0<\/p>\n<\/div>\n<div class=\"mc-column content-text active-extra-styles \" data-block-type=\"unstyled\" data-block-weight=\"17\">\n<p class=\"content-text__container \" data-track-category=\"Link no Texto\" data-track-links=\"\">Para o pr\u00f3ximo ano, a expectativa \u00e9 de recupera\u00e7\u00e3o, uma vez que haver\u00e1 maior oferta de laranja.\u00a0<\/p>\n<\/div>\n<div class=\"mc-column content-text active-extra-styles \" data-block-type=\"unstyled\" data-block-weight=\"54\">\n<p class=\"content-text__container \" data-track-category=\"Link no Texto\" data-track-links=\"\">A safra de laranja 2017\/18 da regi\u00e3o citr\u00edcola de S\u00e3o Paulo e sudoeste de Minas Gerais dever\u00e1 atingir 364,47 milh\u00f5es de caixas de 40,8 kg, aumento de quase 50% ante a fraca temporada anterior, segundo o Fundo de Defesa da Citricultura (Fundecitrus). Nesta \u00e1rea, est\u00e3o situadas as principais unidades exportadoras de suco do Brasil.\u00a0<\/p>\n<\/div>\n<div class=\"mc-column content-text active-extra-styles\" data-block-type=\"raw\" data-block-weight=\"2\">\n<div class=\"content-intertitle\">\n<h2>Cen\u00e1rio Internacional<\/h2>\n<\/div>\n<\/div>\n<div class=\"mc-column content-text active-extra-styles \" data-block-type=\"unstyled\" data-block-weight=\"36\">\n<p class=\"content-text__container \" data-track-category=\"Link no Texto\" data-track-links=\"\">A Uni\u00e3o Europeia, maior mercado do suco de laranja brasileiro com 66,7% de participa\u00e7\u00e3o, importou no per\u00edodo 579.556 toneladas, retra\u00e7\u00e3o de 23%. Em receita, a queda foi de 14%, com um total de US$ 1,05 bilh\u00e3o.\u00a0<\/p>\n<\/div>\n<div class=\"mc-column content-text active-extra-styles \" data-block-type=\"unstyled\" data-block-weight=\"18\">\n<p class=\"content-text__container \" data-track-category=\"Link no Texto\" data-track-links=\"\">Para os Estados Unidos, o recuo foi de 13%, encerrando o per\u00edodo com um total de 172.777 toneladas.\u00a0<\/p>\n<\/div>\n<div class=\"mc-column content-text active-extra-styles \" data-block-type=\"unstyled\" data-block-weight=\"30\">\n<p class=\"content-text__container \" data-track-category=\"Link no Texto\" data-track-links=\"\">Para o Jap\u00e3o, o volume embarcado fechou o per\u00edodo com uma queda de 9%, somando 40.996 toneladas. J\u00e1 para a China os volumes registraram alta de 8%, com 29.549 toneladas.<\/p>\n<p>Fonte: O Globo<\/p>\n<\/div>\n","protected":false},"excerpt":{"rendered":"<p>A exporta\u00e7\u00e3o de suco de laranja do Brasil encerrou a temporada 2016\/17 (julho\/junho) no menor n\u00edvel em mais de 25 anos, com o setor sofrendo&#8230;<\/p>\n","protected":false},"author":1182,"featured_media":22890,"comment_status":"closed","ping_status":"closed","sticky":false,"template":"","format":"standard","meta":{"footnotes":""},"categories":[6],"tags":[],"class_list":["post-23886","post","type-post","status-publish","format-standard","has-post-thumbnail","hentry","category-noticias"],"_links":{"self":[{"href":"https:\/\/www.sincomam.org.br\/index.php\/wp-json\/wp\/v2\/posts\/23886","targetHints":{"allow":["GET"]}}],"collection":[{"href":"https:\/\/www.sincomam.org.br\/index.php\/wp-json\/wp\/v2\/posts"}],"about":[{"href":"https:\/\/www.sincomam.org.br\/index.php\/wp-json\/wp\/v2\/types\/post"}],"author":[{"embeddable":true,"href":"https:\/\/www.sincomam.org.br\/index.php\/wp-json\/wp\/v2\/users\/1182"}],"replies":[{"embeddable":true,"href":"https:\/\/www.sincomam.org.br\/index.php\/wp-json\/wp\/v2\/comments?post=23886"}],"version-history":[{"count":1,"href":"https:\/\/www.sincomam.org.br\/index.php\/wp-json\/wp\/v2\/posts\/23886\/revisions"}],"predecessor-version":[{"id":23887,"href":"https:\/\/www.sincomam.org.br\/index.php\/wp-json\/wp\/v2\/posts\/23886\/revisions\/23887"}],"wp:featuredmedia":[{"embeddable":true,"href":"https:\/\/www.sincomam.org.br\/index.php\/wp-json\/wp\/v2\/media\/22890"}],"wp:attachment":[{"href":"https:\/\/www.sincomam.org.br\/index.php\/wp-json\/wp\/v2\/media?parent=23886"}],"wp:term":[{"taxonomy":"category","embeddable":true,"href":"https:\/\/www.sincomam.org.br\/index.php\/wp-json\/wp\/v2\/categories?post=23886"},{"taxonomy":"post_tag","embeddable":true,"href":"https:\/\/www.sincomam.org.br\/index.php\/wp-json\/wp\/v2\/tags?post=23886"}],"curies":[{"name":"wp","href":"https:\/\/api.w.org\/{rel}","templated":true}]}}