{"id":23882,"date":"2017-07-11T09:04:45","date_gmt":"2017-07-11T12:04:45","guid":{"rendered":"http:\/\/www.sincomam.org.br\/?p=23882"},"modified":"2017-07-11T09:04:45","modified_gmt":"2017-07-11T12:04:45","slug":"psdb-nao-decide-sobre-desembarque-do-governo-temer","status":"publish","type":"post","link":"https:\/\/www.sincomam.org.br\/index.php\/psdb-nao-decide-sobre-desembarque-do-governo-temer\/","title":{"rendered":"PSDB n\u00e3o decide sobre desembarque do governo Temer"},"content":{"rendered":"<p>L\u00edderes do PSDB\u00a0n\u00e3o decidiram sobre um poss\u00edvel desembarque do governo Temer durante reuni\u00e3o na noite de segunda-feira em S\u00e3o Paulo, mas o presidente interino da legenda, senador Tasso Jereissati (CE), disse que os tucanos est\u00e3o abandonando o governo por conta pr\u00f3pria.<\/p>\n<p>\u201cO que eu estou observando \u00e9 que o partido por si mesmo est\u00e1 desembarcando\u201d, disse Tasso a rep\u00f3rteres ap\u00f3s o encontro da sigla, que contou com a presen\u00e7a de nomes como o ex-presidente Fernando Henrique Cardoso; o prefeito de S\u00e3o Paulo, Jo\u00e3o Doria; os senadores A\u00e9cio Neves (MG) e Jos\u00e9 Serra (SP) e cinco governadores do partido.<\/p>\n<p>Tasso tem feito press\u00e3o pelo rompimento do partido com Temer, e disse na semana passada que o pa\u00eds est\u00e1 chegando a uma \u201cingovernabilidade\u201d e que o presidente da C\u00e2mara, Rodrigo Maia (DEM-RJ), re\u00fane condi\u00e7\u00f5es para levar a um m\u00ednimo de estabilidade at\u00e9 2018.<\/p>\n<p>Apesar da n\u00e3o defini\u00e7\u00e3o sobre a posi\u00e7\u00e3o do partido, o l\u00edder da bancada do PSDB na C\u00e2mara, Ricardo Tripoli, disse que os deputados da legenda na Comiss\u00e3o de Constitui\u00e7\u00e3o e Justi\u00e7a (CCJ)devem votar na maioria a favor da aceita\u00e7\u00e3o da den\u00fancia apresentada contra Temer pela Procuradoria-Geral da Rep\u00fablica.<\/p>\n<p>Na segunda-feira, o deputado Sergio Zveiter (PMDB-RJ) apresentou na CCJ um voto favor\u00e1vel para que a C\u00e2mara autorize o Supremo Tribunal Federal (STF) a julgar a den\u00fancia contra Temer, ao entender que h\u00e1 \u201cs\u00f3lidos\u201d ind\u00edcios da pr\u00e1tica do crime de corrup\u00e7\u00e3o passiva.<\/p>\n","protected":false},"excerpt":{"rendered":"<p>L\u00edderes do PSDB\u00a0n\u00e3o decidiram sobre um poss\u00edvel desembarque do governo Temer durante reuni\u00e3o na noite de segunda-feira em S\u00e3o Paulo, mas o presidente interino da&#8230;<\/p>\n","protected":false},"author":1182,"featured_media":18019,"comment_status":"closed","ping_status":"closed","sticky":false,"template":"","format":"standard","meta":{"footnotes":""},"categories":[6],"tags":[],"class_list":["post-23882","post","type-post","status-publish","format-standard","has-post-thumbnail","hentry","category-noticias"],"_links":{"self":[{"href":"https:\/\/www.sincomam.org.br\/index.php\/wp-json\/wp\/v2\/posts\/23882","targetHints":{"allow":["GET"]}}],"collection":[{"href":"https:\/\/www.sincomam.org.br\/index.php\/wp-json\/wp\/v2\/posts"}],"about":[{"href":"https:\/\/www.sincomam.org.br\/index.php\/wp-json\/wp\/v2\/types\/post"}],"author":[{"embeddable":true,"href":"https:\/\/www.sincomam.org.br\/index.php\/wp-json\/wp\/v2\/users\/1182"}],"replies":[{"embeddable":true,"href":"https:\/\/www.sincomam.org.br\/index.php\/wp-json\/wp\/v2\/comments?post=23882"}],"version-history":[{"count":1,"href":"https:\/\/www.sincomam.org.br\/index.php\/wp-json\/wp\/v2\/posts\/23882\/revisions"}],"predecessor-version":[{"id":23883,"href":"https:\/\/www.sincomam.org.br\/index.php\/wp-json\/wp\/v2\/posts\/23882\/revisions\/23883"}],"wp:featuredmedia":[{"embeddable":true,"href":"https:\/\/www.sincomam.org.br\/index.php\/wp-json\/wp\/v2\/media\/18019"}],"wp:attachment":[{"href":"https:\/\/www.sincomam.org.br\/index.php\/wp-json\/wp\/v2\/media?parent=23882"}],"wp:term":[{"taxonomy":"category","embeddable":true,"href":"https:\/\/www.sincomam.org.br\/index.php\/wp-json\/wp\/v2\/categories?post=23882"},{"taxonomy":"post_tag","embeddable":true,"href":"https:\/\/www.sincomam.org.br\/index.php\/wp-json\/wp\/v2\/tags?post=23882"}],"curies":[{"name":"wp","href":"https:\/\/api.w.org\/{rel}","templated":true}]}}