{"id":23880,"date":"2017-07-11T09:03:26","date_gmt":"2017-07-11T12:03:26","guid":{"rendered":"http:\/\/www.sincomam.org.br\/?p=23880"},"modified":"2017-07-11T09:03:26","modified_gmt":"2017-07-11T12:03:26","slug":"patrocinio-privado-garantira-r-65-mi-a-escolas-de-samba-do-rio","status":"publish","type":"post","link":"https:\/\/www.sincomam.org.br\/index.php\/patrocinio-privado-garantira-r-65-mi-a-escolas-de-samba-do-rio\/","title":{"rendered":"Patroc\u00ednio privado garantir\u00e1 R$ 6,5 mi a escolas de samba do Rio"},"content":{"rendered":"<section class=\"article-content\">\n<p>A Prefeitura do Rio de Janeiro informou que as escolas de samba\u00a0do Grupo Especial ter\u00e3o mais R$ 6,5 milh\u00f5es, al\u00e9m dos R$ 13 milh\u00f5es previstos inicialmente.<\/p>\n<p>Com a verba de R$ 19,5 milh\u00f5es, cada agremia\u00e7\u00e3o contar\u00e1 com um or\u00e7amento de R$ 1,5 milh\u00e3o para preparar seu desfile de 2018.<\/p>\n<p>A verba extra de R$ 1,5 milh\u00e3o ser\u00e1 conseguida por meio de patroc\u00ednio da iniciativa privada, assim como acontece com os blocos carnavalescos.<\/p>\n<p>A decis\u00e3o foi tomada por Crivella depois de reuni\u00e3o com o presidente da Liga das Escolas de Samba (Liesa), Jorge Castanheira, e os presidentes das agremia\u00e7\u00f5es, hoje (10), na sede da prefeitura.<\/p>\n<p>Nos dois \u00faltimos carnavais, as escolas de samba receberam R$ 2 milh\u00f5es cada uma. Mas quando Marcelo Crivella assumiu a prefeitura, ele anunciou que cortaria essa verba pela metade, para que pudesse usar o dinheiro nas escolas da rede municipal.<\/p>\n<p>Fonte: Valor<\/p>\n<\/section>\n<section class=\"article-tags\"><\/section>\n","protected":false},"excerpt":{"rendered":"<p>A Prefeitura do Rio de Janeiro informou que as escolas de samba\u00a0do Grupo Especial ter\u00e3o mais R$ 6,5 milh\u00f5es, al\u00e9m dos R$ 13 milh\u00f5es previstos&#8230;<\/p>\n","protected":false},"author":1182,"featured_media":18121,"comment_status":"closed","ping_status":"closed","sticky":false,"template":"","format":"standard","meta":{"footnotes":""},"categories":[6],"tags":[],"class_list":["post-23880","post","type-post","status-publish","format-standard","has-post-thumbnail","hentry","category-noticias"],"_links":{"self":[{"href":"https:\/\/www.sincomam.org.br\/index.php\/wp-json\/wp\/v2\/posts\/23880","targetHints":{"allow":["GET"]}}],"collection":[{"href":"https:\/\/www.sincomam.org.br\/index.php\/wp-json\/wp\/v2\/posts"}],"about":[{"href":"https:\/\/www.sincomam.org.br\/index.php\/wp-json\/wp\/v2\/types\/post"}],"author":[{"embeddable":true,"href":"https:\/\/www.sincomam.org.br\/index.php\/wp-json\/wp\/v2\/users\/1182"}],"replies":[{"embeddable":true,"href":"https:\/\/www.sincomam.org.br\/index.php\/wp-json\/wp\/v2\/comments?post=23880"}],"version-history":[{"count":1,"href":"https:\/\/www.sincomam.org.br\/index.php\/wp-json\/wp\/v2\/posts\/23880\/revisions"}],"predecessor-version":[{"id":23881,"href":"https:\/\/www.sincomam.org.br\/index.php\/wp-json\/wp\/v2\/posts\/23880\/revisions\/23881"}],"wp:featuredmedia":[{"embeddable":true,"href":"https:\/\/www.sincomam.org.br\/index.php\/wp-json\/wp\/v2\/media\/18121"}],"wp:attachment":[{"href":"https:\/\/www.sincomam.org.br\/index.php\/wp-json\/wp\/v2\/media?parent=23880"}],"wp:term":[{"taxonomy":"category","embeddable":true,"href":"https:\/\/www.sincomam.org.br\/index.php\/wp-json\/wp\/v2\/categories?post=23880"},{"taxonomy":"post_tag","embeddable":true,"href":"https:\/\/www.sincomam.org.br\/index.php\/wp-json\/wp\/v2\/tags?post=23880"}],"curies":[{"name":"wp","href":"https:\/\/api.w.org\/{rel}","templated":true}]}}