{"id":23878,"date":"2017-07-11T09:01:32","date_gmt":"2017-07-11T12:01:32","guid":{"rendered":"http:\/\/www.sincomam.org.br\/?p=23878"},"modified":"2017-07-11T09:01:32","modified_gmt":"2017-07-11T12:01:32","slug":"reforma-trabalhista-sera-votada-pelo-senado-hoje","status":"publish","type":"post","link":"https:\/\/www.sincomam.org.br\/index.php\/reforma-trabalhista-sera-votada-pelo-senado-hoje\/","title":{"rendered":"Reforma trabalhista ser\u00e1 votada pelo Senado hoje"},"content":{"rendered":"<p>Pendurado pelos fios da pinguela, o governo Michel Temer deve ter uma conquista a comemorar nesta ter\u00e7a-feira. A reforma trabalhista ser\u00e1 votada pelo Senado Federal e todos os progn\u00f3sticos apontam para a aprova\u00e7\u00e3o. A sess\u00e3o foi convocada para as 11 horas, e o governo precisa de pelo menos 41 votos. As apostas do governo s\u00e3o de 50 votos favor\u00e1veis ao texto do senador Ricardo Ferra\u00e7o (PSDB-ES), relator da mat\u00e9ria na Comiss\u00e3o de Assuntos Econ\u00f4micos, que autoriza a flexibiliza\u00e7\u00e3o da CLT, acaba com o imposto sindical e d\u00e1 poder aos\u00a0acordos entre funcion\u00e1rios e empregadores. Dali, o texto segue para a san\u00e7\u00e3o presidencial de Temer.<\/p>\n<p>A aprova\u00e7\u00e3o da reforma trabalhista deve ser usada pelo governo para mostrar que ainda tem for\u00e7a pol\u00edtica. A pauta \u00e9 cara aos empres\u00e1rios, um dos \u00fanicos grupos da sociedade civil que resguardam algum apoio a Temer, e aos parlamentares da base aliada. O PSDB, maior partido aliado, realizou na noite desta segunda-feira uma reuni\u00e3o para definir sua sa\u00edda da base, mas adiou\u00a0a decis\u00e3o por conta do risco de a reforma trabalhista n\u00e3o sair.<\/p>\n<p>Mas a reforma pode trazer surpresas para o Planalto. Temer conseguiu apoio irrestrito dos aliados sob a promessa de que editar\u00e1 medidas provis\u00f3rias para modificar partes pol\u00eamicas do projeto de lei. Foi uma forma de agilizar a tramita\u00e7\u00e3o, j\u00e1 que uma mudan\u00e7a de texto no Senado faria o PL voltar a ser apreciado pela C\u00e2mara. Com o futuro nebuloso do governo, a oposi\u00e7\u00e3o pretende levantar a quest\u00e3o de que Temer pode ser afastado do cargo e n\u00e3o cumprir com o prometido. Para o senador Lindbergh Farias (PT-RJ), n\u00e3o h\u00e1 \u201cgarantia\u201d de que o governo esteja de p\u00e9 at\u00e9 o final das pr\u00f3ximas duas semanas.<\/p>\n<p>O argumento perde for\u00e7a pela prov\u00e1vel dura\u00e7\u00e3o do processo contra o presidente, que tem tudo para se alongar para al\u00e9m do recesso parlamentar, que come\u00e7a no dia 18. Nesta ter\u00e7a, a C\u00e2mara passa pelo primeiro dia de vista do relat\u00f3rio de Sergio Zveiter (PMDB-RJ), que recomendou ontem a continuidade da den\u00fancia contra o presidente. Pela pressa do Executivo, a san\u00e7\u00e3o \u00a0n\u00e3o deve tardar.<\/p>\n<p>Fonte: Exame<\/p>\n","protected":false},"excerpt":{"rendered":"<p>Pendurado pelos fios da pinguela, o governo Michel Temer deve ter uma conquista a comemorar nesta ter\u00e7a-feira. A reforma trabalhista ser\u00e1 votada pelo Senado Federal&#8230;<\/p>\n","protected":false},"author":1182,"featured_media":19480,"comment_status":"closed","ping_status":"closed","sticky":false,"template":"","format":"standard","meta":{"footnotes":""},"categories":[6],"tags":[],"class_list":["post-23878","post","type-post","status-publish","format-standard","has-post-thumbnail","hentry","category-noticias"],"_links":{"self":[{"href":"https:\/\/www.sincomam.org.br\/index.php\/wp-json\/wp\/v2\/posts\/23878","targetHints":{"allow":["GET"]}}],"collection":[{"href":"https:\/\/www.sincomam.org.br\/index.php\/wp-json\/wp\/v2\/posts"}],"about":[{"href":"https:\/\/www.sincomam.org.br\/index.php\/wp-json\/wp\/v2\/types\/post"}],"author":[{"embeddable":true,"href":"https:\/\/www.sincomam.org.br\/index.php\/wp-json\/wp\/v2\/users\/1182"}],"replies":[{"embeddable":true,"href":"https:\/\/www.sincomam.org.br\/index.php\/wp-json\/wp\/v2\/comments?post=23878"}],"version-history":[{"count":1,"href":"https:\/\/www.sincomam.org.br\/index.php\/wp-json\/wp\/v2\/posts\/23878\/revisions"}],"predecessor-version":[{"id":23879,"href":"https:\/\/www.sincomam.org.br\/index.php\/wp-json\/wp\/v2\/posts\/23878\/revisions\/23879"}],"wp:featuredmedia":[{"embeddable":true,"href":"https:\/\/www.sincomam.org.br\/index.php\/wp-json\/wp\/v2\/media\/19480"}],"wp:attachment":[{"href":"https:\/\/www.sincomam.org.br\/index.php\/wp-json\/wp\/v2\/media?parent=23878"}],"wp:term":[{"taxonomy":"category","embeddable":true,"href":"https:\/\/www.sincomam.org.br\/index.php\/wp-json\/wp\/v2\/categories?post=23878"},{"taxonomy":"post_tag","embeddable":true,"href":"https:\/\/www.sincomam.org.br\/index.php\/wp-json\/wp\/v2\/tags?post=23878"}],"curies":[{"name":"wp","href":"https:\/\/api.w.org\/{rel}","templated":true}]}}