{"id":23868,"date":"2017-07-07T00:46:55","date_gmt":"2017-07-07T03:46:55","guid":{"rendered":"http:\/\/www.sincomam.org.br\/?p=23868"},"modified":"2017-07-06T09:47:40","modified_gmt":"2017-07-06T12:47:40","slug":"dragagem-do-porto-de-vitoria-atrasa-mais-uma-vez-e-fica-para-agosto","status":"publish","type":"post","link":"https:\/\/www.sincomam.org.br\/index.php\/dragagem-do-porto-de-vitoria-atrasa-mais-uma-vez-e-fica-para-agosto\/","title":{"rendered":"Dragagem do Porto de Vit\u00f3ria atrasa mais uma vez e fica para agosto"},"content":{"rendered":"<p>A assinatura do contrato para aumentar a profundidade do Porto de Vit\u00f3ria completa 19 anos em dezembro. Ainda assim, quase duas d\u00e9cadas depois, as obras de dragagem ainda n\u00e3o foram entregues. Nesta ter\u00e7a-feira (4), o diretor-presidente da Companhia Docas do Esp\u00edrito Santo (Codesa), Luis Cl\u00e1udio Montenegro, anunciou novo prazo para que a obra fique pronta: final de agosto.<\/p>\n<p>O Porto de Vit\u00f3ria, contudo, s\u00f3 dever\u00e1 estar pronto para receber navios de maior porte em dezembro. \u00c9 que ap\u00f3s o final da dragagem, ser\u00e1 preciso realizar a batimetria &#8211; uma esp\u00e9cie de raio-x do fundo do mar &#8211; para constatar se os 13,5 metros de profundidade s\u00e3o mantidos por todo canal onde os navios dever\u00e3o passar.<\/p>\n<p>O prazo estimado por Montenegro \u00e9 que a Marinha &#8211; \u00f3rg\u00e3o respons\u00e1vel pela autoriza\u00e7\u00e3o &#8211; homologue os novos limites do porto em tr\u00eas meses ap\u00f3s o fim da obra.<\/p>\n<p>Esta \u00faltima etapa da dragagem foi iniciada em julho do ano passado e foi estabelecido um prazo para que o servi\u00e7o fosse entregue em outubro de 2016. No entanto, a obra est\u00e1 parada desde abril, quando Montenegro afirmou que o contrato permitia que a empresa retirasse apenas mais 3,5 mil metros c\u00fabicos da Ba\u00eda de Vit\u00f3ria. O projeto total era da remo\u00e7\u00e3o de 1,8 milh\u00f5es de metros c\u00fabicos.<\/p>\n<p>Como acabou sendo retirado mais do que previa o projeto, nos \u00faltimos tr\u00eas meses o diretor-presidente da Codesa e os gestores do cons\u00f3rcio portugu\u00eas (formado pela Dratec\/Etemar\/Rohde Nielsen) negociaram os pontos em que seriam utilizados o restante dessa cota. As obras devem ser retomadas nos pr\u00f3ximos dias, segundo Montenegro.<\/p>\n<p>\u201cSer\u00e1 um trabalho r\u00e1pido pois \u00e9 um volume pequeno. Resolvemos adequar o projeto para n\u00e3o ser necess\u00e1rio ter um aditivo no contrato. Est\u00e1 tudo sobre controle, temos recursos dispon\u00edveis e a obra deve ser entregue em 30 ou 40 dias\u201d, contou.<\/p>\n<p>Com as obras finalizadas, o calado do canal de acesso do porto passa para 14 metros, enquanto a bacia de evolu\u00e7\u00e3o &#8211; onde o navio faz a manobra &#8211; chegar\u00e1 \u00e0 cota de 13,5 metros, o que permitir\u00e1 receber navios com at\u00e9 70 mil toneladas, mais do que o dobro das 30 mil toneladas de carga &#8211; limite que est\u00e1 em vigor atualmente.<\/p>\n<p>Montenegro revela ainda que existe um projeto para que uma nova dragagem seja feita a longo prazo, chegando aos 14 metros de calado tamb\u00e9m na bacia de evolu\u00e7\u00e3o &#8211; como estava no projeto inicial, mas foi reajustado para 13,5 metros.<\/p>\n<p>\u201c\u00c9 algo que estamos estudando no Minist\u00e9rio dos Transportes. Isso passar\u00e1 pela retirada de rochas pr\u00f3ximas da Beira-Mar, por isso \u00e9 algo pensado a longo prazo. Com essa mudan\u00e7a, o Porto teria capacidade para manobrar um navio de 280 metros, enquanto que hoje o limite \u00e9 242 metros\u201d, explica.<\/p>\n<p>O contrato em vigor foi fechado em 2012, com um valor inicial de R$ 85,6 milh\u00f5es. No ano passado, ap\u00f3s ficar quase um ano parado, a obra saltou para R$ 120 milh\u00f5es, fora outras tentativas frustradas de aumentar a profundidade do porto.<\/p>\n<p>Na ocasi\u00e3o, o argumento \u00e9 de que foi encontrado no fundo do mar rochas de argila pl\u00e1stica, um material que exigia o uso de outro equipamento, da\u00ed o adicional no contrato com o cons\u00f3rcio.<\/p>\n<p>Fonte: G1<\/p>\n","protected":false},"excerpt":{"rendered":"<p>A assinatura do contrato para aumentar a profundidade do Porto de Vit\u00f3ria completa 19 anos em dezembro. Ainda assim, quase duas d\u00e9cadas depois, as obras&#8230;<\/p>\n","protected":false},"author":1182,"featured_media":6436,"comment_status":"closed","ping_status":"closed","sticky":false,"template":"","format":"standard","meta":{"footnotes":""},"categories":[6],"tags":[],"class_list":["post-23868","post","type-post","status-publish","format-standard","has-post-thumbnail","hentry","category-noticias"],"_links":{"self":[{"href":"https:\/\/www.sincomam.org.br\/index.php\/wp-json\/wp\/v2\/posts\/23868","targetHints":{"allow":["GET"]}}],"collection":[{"href":"https:\/\/www.sincomam.org.br\/index.php\/wp-json\/wp\/v2\/posts"}],"about":[{"href":"https:\/\/www.sincomam.org.br\/index.php\/wp-json\/wp\/v2\/types\/post"}],"author":[{"embeddable":true,"href":"https:\/\/www.sincomam.org.br\/index.php\/wp-json\/wp\/v2\/users\/1182"}],"replies":[{"embeddable":true,"href":"https:\/\/www.sincomam.org.br\/index.php\/wp-json\/wp\/v2\/comments?post=23868"}],"version-history":[{"count":1,"href":"https:\/\/www.sincomam.org.br\/index.php\/wp-json\/wp\/v2\/posts\/23868\/revisions"}],"predecessor-version":[{"id":23869,"href":"https:\/\/www.sincomam.org.br\/index.php\/wp-json\/wp\/v2\/posts\/23868\/revisions\/23869"}],"wp:featuredmedia":[{"embeddable":true,"href":"https:\/\/www.sincomam.org.br\/index.php\/wp-json\/wp\/v2\/media\/6436"}],"wp:attachment":[{"href":"https:\/\/www.sincomam.org.br\/index.php\/wp-json\/wp\/v2\/media?parent=23868"}],"wp:term":[{"taxonomy":"category","embeddable":true,"href":"https:\/\/www.sincomam.org.br\/index.php\/wp-json\/wp\/v2\/categories?post=23868"},{"taxonomy":"post_tag","embeddable":true,"href":"https:\/\/www.sincomam.org.br\/index.php\/wp-json\/wp\/v2\/tags?post=23868"}],"curies":[{"name":"wp","href":"https:\/\/api.w.org\/{rel}","templated":true}]}}