{"id":23851,"date":"2017-07-06T00:00:02","date_gmt":"2017-07-06T03:00:02","guid":{"rendered":"http:\/\/www.sincomam.org.br\/?p=23851"},"modified":"2017-07-06T09:28:33","modified_gmt":"2017-07-06T12:28:33","slug":"aecio-enfrenta-dia-decisivo-apos-semana-de-vitorias","status":"publish","type":"post","link":"https:\/\/www.sincomam.org.br\/index.php\/aecio-enfrenta-dia-decisivo-apos-semana-de-vitorias\/","title":{"rendered":"A\u00e9cio enfrenta dia decisivo ap\u00f3s semana de vit\u00f3rias"},"content":{"rendered":"<p>N\u00e3o s\u00f3 de vit\u00f3rias \u00e9 feita a semana de A\u00e9cio Neves\u00a0(PSDB-MG). Dois dias depois de retomar sua cadeira no Senado Federal, o Conselho de \u00c9tica da Casa tem reuni\u00e3o agendada nesta quinta-feira para decidir se tira da gaveta o pedido de cassa\u00e7\u00e3o de mandato do senador, protocolado pelo senador Randolfe Rodrigues e arquivado em decis\u00e3o solo pelo presidente da comiss\u00e3o, Jo\u00e3o Alberto (PMDB-MA).<\/p>\n<p>O peemedebista havia considerado o pedido de cassa\u00e7\u00e3o improcedente, por falta de provas. A\u00e9cio, vale recordar, foi flagrado em grava\u00e7\u00e3o de Joesley Batista, dono do grupo J&amp;F, pedindo 2 milh\u00f5es de reais em dinheiro vivo, segundo ele, para pagamento de advogados em inqu\u00e9ritos da Opera\u00e7\u00e3o Lava-Jato.<\/p>\n<p>A Procuradoria-Geral da Rep\u00fablica o acusa de ter pedido propina. Insatisfeitos com a decis\u00e3o monocr\u00e1tica de Jo\u00e3o Alberto, um grupo de parlamentares exigiu que a decis\u00e3o seja tomada pelo Plen\u00e1rio do Conselho. S\u00e3o necess\u00e1rios oito votos \u2014 dentre 15 membros \u2014 para que o pedido de cassa\u00e7\u00e3o ganhe vida e seja debatida pelo grupo.<\/p>\n<p>Aprovada ali, pode ir a Plen\u00e1rio do Senado e levar \u00e0 cassa\u00e7\u00e3o de A\u00e9cio. Senadores afirmam em reserva, contudo, que o clima para cassar o mandato do tucano \u00e9 zero. \u201cNem da presid\u00eancia do PSDB ele saiu ainda\u201d, diz um tucano.<\/p>\n<p>Na ter\u00e7a-feira, o tucano foi recebido em um almo\u00e7o da bancada do partido no gabinete do presidente interino da legenda, Tasso Jereissati (PSDB-CE). Em pronunciamento no Senado, disse: \u201cN\u00e3o cometi crime algum, n\u00e3o aceitei recursos de origem indevida. Fui v\u00edtima de uma armadilha de um criminoso confesso\u201d.<\/p>\n<p>Com tantos pol\u00edticos enrolados na Lava-Jato al\u00e9m de A\u00e9cio, h\u00e1 um temor geral de que um abandono dele agora possa ser revertido a outro alvo no futuro, conforme chegam as novidades nas investiga\u00e7\u00f5es.<\/p>\n<p>O pr\u00f3prio presidente da Rep\u00fablica, Michel Temer, dispara contra a PGR e os delatores para se defender. A situa\u00e7\u00e3o \u00e9 bastante diferente do caso de Delc\u00eddio do Amaral, escanteado at\u00e9 dentro de seu antigo partido, o PT. Naquele momento, em maio de 2016, o senador foi cassado em Plen\u00e1rio por unanimidade: 74 votos a zero.<\/p>\n","protected":false},"excerpt":{"rendered":"<p>N\u00e3o s\u00f3 de vit\u00f3rias \u00e9 feita a semana de A\u00e9cio Neves\u00a0(PSDB-MG). Dois dias depois de retomar sua cadeira no Senado Federal, o Conselho de \u00c9tica&#8230;<\/p>\n","protected":false},"author":1182,"featured_media":18462,"comment_status":"closed","ping_status":"closed","sticky":false,"template":"","format":"standard","meta":{"footnotes":""},"categories":[6],"tags":[],"class_list":["post-23851","post","type-post","status-publish","format-standard","has-post-thumbnail","hentry","category-noticias"],"_links":{"self":[{"href":"https:\/\/www.sincomam.org.br\/index.php\/wp-json\/wp\/v2\/posts\/23851","targetHints":{"allow":["GET"]}}],"collection":[{"href":"https:\/\/www.sincomam.org.br\/index.php\/wp-json\/wp\/v2\/posts"}],"about":[{"href":"https:\/\/www.sincomam.org.br\/index.php\/wp-json\/wp\/v2\/types\/post"}],"author":[{"embeddable":true,"href":"https:\/\/www.sincomam.org.br\/index.php\/wp-json\/wp\/v2\/users\/1182"}],"replies":[{"embeddable":true,"href":"https:\/\/www.sincomam.org.br\/index.php\/wp-json\/wp\/v2\/comments?post=23851"}],"version-history":[{"count":1,"href":"https:\/\/www.sincomam.org.br\/index.php\/wp-json\/wp\/v2\/posts\/23851\/revisions"}],"predecessor-version":[{"id":23852,"href":"https:\/\/www.sincomam.org.br\/index.php\/wp-json\/wp\/v2\/posts\/23851\/revisions\/23852"}],"wp:featuredmedia":[{"embeddable":true,"href":"https:\/\/www.sincomam.org.br\/index.php\/wp-json\/wp\/v2\/media\/18462"}],"wp:attachment":[{"href":"https:\/\/www.sincomam.org.br\/index.php\/wp-json\/wp\/v2\/media?parent=23851"}],"wp:term":[{"taxonomy":"category","embeddable":true,"href":"https:\/\/www.sincomam.org.br\/index.php\/wp-json\/wp\/v2\/categories?post=23851"},{"taxonomy":"post_tag","embeddable":true,"href":"https:\/\/www.sincomam.org.br\/index.php\/wp-json\/wp\/v2\/tags?post=23851"}],"curies":[{"name":"wp","href":"https:\/\/api.w.org\/{rel}","templated":true}]}}