{"id":23849,"date":"2017-07-06T09:26:52","date_gmt":"2017-07-06T12:26:52","guid":{"rendered":"http:\/\/www.sincomam.org.br\/?p=23849"},"modified":"2017-07-06T09:26:52","modified_gmt":"2017-07-06T12:26:52","slug":"rumo-ao-g20-temer-segue-tentando-mostrar-normalidade","status":"publish","type":"post","link":"https:\/\/www.sincomam.org.br\/index.php\/rumo-ao-g20-temer-segue-tentando-mostrar-normalidade\/","title":{"rendered":"Rumo ao G20, Temer segue tentando mostrar normalidade"},"content":{"rendered":"<p>Depois do vaiv\u00e9m sobre ir ou n\u00e3o \u00e0 reuni\u00e3o do G20, o presidente Michel Temer\u00a0embarca hoje, \u00e0s 13h, para a Alemanha. Em Hamburgo, deve encontrar com os l\u00edderes das outras 19 maiores economias do mundo.<\/p>\n<p>A presid\u00eancia chegou a confirmar que Temer n\u00e3o estaria presente, mas voltou atr\u00e1s e remarcou a viagem. Embora a assessoria do Itamaraty n\u00e3o informe o motivo da indecis\u00e3o, ela tem a ver com a crise pol\u00edtica que o pa\u00eds passa e a den\u00fancia contra Michel Temer, que tramita na C\u00e2mara.<\/p>\n","protected":false},"excerpt":{"rendered":"<p>Depois do vaiv\u00e9m sobre ir ou n\u00e3o \u00e0 reuni\u00e3o do G20, o presidente Michel Temer\u00a0embarca hoje, \u00e0s 13h, para a Alemanha. Em Hamburgo, deve encontrar&#8230;<\/p>\n","protected":false},"author":1182,"featured_media":18922,"comment_status":"closed","ping_status":"closed","sticky":false,"template":"","format":"standard","meta":{"footnotes":""},"categories":[6],"tags":[],"class_list":["post-23849","post","type-post","status-publish","format-standard","has-post-thumbnail","hentry","category-noticias"],"_links":{"self":[{"href":"https:\/\/www.sincomam.org.br\/index.php\/wp-json\/wp\/v2\/posts\/23849","targetHints":{"allow":["GET"]}}],"collection":[{"href":"https:\/\/www.sincomam.org.br\/index.php\/wp-json\/wp\/v2\/posts"}],"about":[{"href":"https:\/\/www.sincomam.org.br\/index.php\/wp-json\/wp\/v2\/types\/post"}],"author":[{"embeddable":true,"href":"https:\/\/www.sincomam.org.br\/index.php\/wp-json\/wp\/v2\/users\/1182"}],"replies":[{"embeddable":true,"href":"https:\/\/www.sincomam.org.br\/index.php\/wp-json\/wp\/v2\/comments?post=23849"}],"version-history":[{"count":1,"href":"https:\/\/www.sincomam.org.br\/index.php\/wp-json\/wp\/v2\/posts\/23849\/revisions"}],"predecessor-version":[{"id":23850,"href":"https:\/\/www.sincomam.org.br\/index.php\/wp-json\/wp\/v2\/posts\/23849\/revisions\/23850"}],"wp:featuredmedia":[{"embeddable":true,"href":"https:\/\/www.sincomam.org.br\/index.php\/wp-json\/wp\/v2\/media\/18922"}],"wp:attachment":[{"href":"https:\/\/www.sincomam.org.br\/index.php\/wp-json\/wp\/v2\/media?parent=23849"}],"wp:term":[{"taxonomy":"category","embeddable":true,"href":"https:\/\/www.sincomam.org.br\/index.php\/wp-json\/wp\/v2\/categories?post=23849"},{"taxonomy":"post_tag","embeddable":true,"href":"https:\/\/www.sincomam.org.br\/index.php\/wp-json\/wp\/v2\/tags?post=23849"}],"curies":[{"name":"wp","href":"https:\/\/api.w.org\/{rel}","templated":true}]}}