{"id":23847,"date":"2017-07-06T09:25:21","date_gmt":"2017-07-06T12:25:21","guid":{"rendered":"http:\/\/www.sincomam.org.br\/?p=23847"},"modified":"2017-07-06T09:25:21","modified_gmt":"2017-07-06T12:25:21","slug":"temer-cobra-ministros-para-derrubar-denuncia-e-aprovar-reformas","status":"publish","type":"post","link":"https:\/\/www.sincomam.org.br\/index.php\/temer-cobra-ministros-para-derrubar-denuncia-e-aprovar-reformas\/","title":{"rendered":"Temer cobra ministros para derrubar den\u00fancia e aprovar reformas"},"content":{"rendered":"<p>Na reuni\u00e3o de emerg\u00eancia convocada para a noite\u00a0desta quarta-feira, 5, no Pal\u00e1cio do Planalto, com 22 ministros e representantes dos titulares de pastas que n\u00e3o estavam em Bras\u00edlia, o presidente Michel Temer\u00a0cobrou de todos que trabalhem junto \u00e0s suas bancadas para garantir os votos para derrubar na C\u00e2mara a den\u00fancia apresentada contra ele pelo procurador-geral da Rep\u00fablica, Rodrigo Janot.<\/p>\n<p>\u201cAgora \u00e9 um momento em que todos t\u00eam de dar provas efetivas do seu engajamento\u201d, cobrou o presidente, de forma en\u00e9rgica, conforme relatou um dos ministros presentes.<\/p>\n<p>Temer quer que todos mostrem a\u00e7\u00e3o para mostrar que o governo n\u00e3o est\u00e1 parado, como ele mesmo est\u00e1 tentando assegurar, ao embarcar para a Alemanha nesta quinta-feira, para a reuni\u00e3o do G-20. A reuni\u00e3o foi convocada no mesmo dia em que o presidente apresentou, no Congresso, sua defesa \u00e0 den\u00fancia de Janot.<\/p>\n<p>Temer quer apoio n\u00e3o s\u00f3 pol\u00edtico para derrubar a pe\u00e7a de acusa\u00e7\u00e3o, mas tamb\u00e9m para garantir vota\u00e7\u00f5es importantes, como a reforma trabalhista, que considera fundamental para dar um \u201cf\u00f4lego pol\u00edtico\u201d ao seu governo.<\/p>\n<p>Ao pedir o engajamento total de cada um, Temer lembrou que, como eles s\u00e3o ministros pol\u00edticos, t\u00eam de trabalhar junto a seus partidos para garantir os votos que o governo precisa para ter continuidade. Lembrou que os ministros s\u00e3o \u201clideran\u00e7as expressivas\u201d das suas legendas e que, portanto, \u201ct\u00eam autoridade pol\u00edtica pra cobrar o partido\u201d.<\/p>\n<p>Os recados foram dirigidos principalmente ao PSDB, que tem sete votos na Comiss\u00e3o de Constitui\u00e7\u00e3o e Justi\u00e7a (CCJ) da C\u00e2mara, onde a den\u00fancia ser\u00e1 analisada antes de ir ao plen\u00e1rio. Estima-se que apenas um tucano votar\u00e1 a favor de Temer no colegiado, apesar de o partido contar com quatro ministros no governo.<\/p>\n<p>O presidente quer reduzir ao m\u00ednimo poss\u00edvel o n\u00famero de trai\u00e7\u00f5es. Para isso, pediu que todos passam a agir efetivamente desde j\u00e1 para tentar conquistar votos para barrar a den\u00fancia, seja na CCJ, seja no plen\u00e1rio.<\/p>\n<p>O governo estima ter 34 dos 66 votos na comiss\u00e3o assegurados \u2013 apenas um acima do necess\u00e1rio. Com o argumento de que as provas s\u00e3o \u201cfr\u00e1geis\u201d, o Planalto espera convencer os parlamentares a votarem contra a den\u00fancia.<\/p>\n<p>Segundo relato de outro presente ao encontro, Temer fez muitas cr\u00edticas ao procurador-geral da Rep\u00fablica, Rodrigo Janot.<\/p>\n","protected":false},"excerpt":{"rendered":"<p>Na reuni\u00e3o de emerg\u00eancia convocada para a noite\u00a0desta quarta-feira, 5, no Pal\u00e1cio do Planalto, com 22 ministros e representantes dos titulares de pastas que n\u00e3o&#8230;<\/p>\n","protected":false},"author":1182,"featured_media":19480,"comment_status":"closed","ping_status":"closed","sticky":false,"template":"","format":"standard","meta":{"footnotes":""},"categories":[6],"tags":[],"class_list":["post-23847","post","type-post","status-publish","format-standard","has-post-thumbnail","hentry","category-noticias"],"_links":{"self":[{"href":"https:\/\/www.sincomam.org.br\/index.php\/wp-json\/wp\/v2\/posts\/23847","targetHints":{"allow":["GET"]}}],"collection":[{"href":"https:\/\/www.sincomam.org.br\/index.php\/wp-json\/wp\/v2\/posts"}],"about":[{"href":"https:\/\/www.sincomam.org.br\/index.php\/wp-json\/wp\/v2\/types\/post"}],"author":[{"embeddable":true,"href":"https:\/\/www.sincomam.org.br\/index.php\/wp-json\/wp\/v2\/users\/1182"}],"replies":[{"embeddable":true,"href":"https:\/\/www.sincomam.org.br\/index.php\/wp-json\/wp\/v2\/comments?post=23847"}],"version-history":[{"count":1,"href":"https:\/\/www.sincomam.org.br\/index.php\/wp-json\/wp\/v2\/posts\/23847\/revisions"}],"predecessor-version":[{"id":23848,"href":"https:\/\/www.sincomam.org.br\/index.php\/wp-json\/wp\/v2\/posts\/23847\/revisions\/23848"}],"wp:featuredmedia":[{"embeddable":true,"href":"https:\/\/www.sincomam.org.br\/index.php\/wp-json\/wp\/v2\/media\/19480"}],"wp:attachment":[{"href":"https:\/\/www.sincomam.org.br\/index.php\/wp-json\/wp\/v2\/media?parent=23847"}],"wp:term":[{"taxonomy":"category","embeddable":true,"href":"https:\/\/www.sincomam.org.br\/index.php\/wp-json\/wp\/v2\/categories?post=23847"},{"taxonomy":"post_tag","embeddable":true,"href":"https:\/\/www.sincomam.org.br\/index.php\/wp-json\/wp\/v2\/tags?post=23847"}],"curies":[{"name":"wp","href":"https:\/\/api.w.org\/{rel}","templated":true}]}}