{"id":23830,"date":"2017-07-05T10:03:35","date_gmt":"2017-07-05T13:03:35","guid":{"rendered":"http:\/\/www.sincomam.org.br\/?p=23830"},"modified":"2017-07-05T10:03:35","modified_gmt":"2017-07-05T13:03:35","slug":"com-alta-generalizada-industria-tem-melhor-resultado-para-maio-em-6-anos","status":"publish","type":"post","link":"https:\/\/www.sincomam.org.br\/index.php\/com-alta-generalizada-industria-tem-melhor-resultado-para-maio-em-6-anos\/","title":{"rendered":"Com alta generalizada, ind\u00fastria tem melhor resultado para maio em 6 anos"},"content":{"rendered":"<p>A produ\u00e7\u00e3o da ind\u00fastria brasileira cresceu 0,8% em maio, na compara\u00e7\u00e3o com o m\u00eas anterior, informou nesta ter\u00e7a (4) o IBGE. Foi o melhor resultado para o m\u00eas desde 2011 e o segundo consecutivo de alta \u2014em abril, segundo dado revisado pelo instituto, a ind\u00fastria cresceu 1,1%.<\/p>\n<p>Na compara\u00e7\u00e3o com o mesmo m\u00eas do ano passado, houve alta de 4%. Nos cinco primeiros meses de 2017, a produ\u00e7\u00e3o industrial acumula alta de 0,5%.<\/p>\n<p>&#8220;H\u00e1 claramente um predom\u00ednio de taxas positivas e todas as categorias econ\u00f4micas registraram crescimento&#8221;, afirmou o coordenador da Pesquisa Industrial Mensal do IBGE, Andr\u00e9 Macedo, destacando que maio de 2017 teve o perfil mais disseminado de crescimento da ind\u00fastria brasileira desde julho de 2014.<\/p>\n<p>Ele disse, por\u00e9m, que \u00e9 preciso ter cautela com o resultado, destacando que a ind\u00fastria brasileira ainda est\u00e1 no patamar de fevereiro de 2009 e que o crescimento acumulado no ano se d\u00e1 sobre uma queda de 9,3% no mesmo per\u00edodo do ano anterior.<\/p>\n<p>&#8220;\u00c9 claro que, com dois meses seguidos de crescimento e com espalhamento pelas atividades, d\u00e1 um al\u00edvio, mas est\u00e1 longe de garantir que seja uma trajet\u00f3ria de crescimento sustent\u00e1vel para o setor industrial&#8221;, comentou.<\/p>\n<p>Entre as categorias, a maior alta na compara\u00e7\u00e3o com o m\u00eas anterior se deu nos bens de consumo dur\u00e1veis (6,7%), com forte impacto da produ\u00e7\u00e3o de autom\u00f3veis, que j\u00e1 vem registrando resultados positivos desde o primeiro trimestre, motivado pelas exporta\u00e7\u00f5es.<\/p>\n<p>A menor, nos bens intermedi\u00e1rios (0,3%). A categoria de bens de capital, que \u00e9 um indicador do investimento no pa\u00eds, registrou alta de 3,5%, puxada pela produ\u00e7\u00e3o de caminh\u00f5es e m\u00e1quinas agr\u00edcolas.<\/p>\n<p>Entre os 24 ramos pesquisados pelo instituto, 17 registraram alta no m\u00eas, com destaque para ve\u00edculos automotores, reboques e carrocerias, com alta de 9%.<\/p>\n<p>Tamb\u00e9m tiveram contribui\u00e7\u00e3o positiva os segmentos de produtos aliment\u00edcios (2,7%) e perfumaria, sab\u00f5es, produtos de limpeza e higiene pessoal (4%), sempre na compara\u00e7\u00e3o com o m\u00eas anterior.<\/p>\n<p>J\u00e1 do lado negativo, contribu\u00edram os segmentos de coque, produtos derivados de petr\u00f3leo e biocombust\u00edveis (-2,2%) e produtos farmoqu\u00edmicos e farmac\u00eauticos (-7,6%). Os dois segmentos havia crescido em abril.<\/p>\n<p>Na compara\u00e7\u00e3o anual, houve crescimento em 18 dos 26 ramos pesquisados, com alta na produ\u00e7\u00e3o de 59% dos 805 produtos, o maior n\u00famero desde abril de 2013.<\/p>\n<p>As maiores contribui\u00e7\u00f5es, nesta base de compara\u00e7\u00e3o, foram novamente ve\u00edculos automotores, com alta de 27,9%, m\u00e1quinas e equipamentos (8,9%), ind\u00fastrias extrativas (2,8%) e produ\u00e7\u00e3o de equipamentos de inform\u00e1tica, produtos eletr\u00f4nicos e \u00f3pticos (25,9%, puxado por televisores e celulares).<\/p>\n<p>Macedo frisou, por\u00e9m, que o comportamento da produ\u00e7\u00e3o industrial ainda \u00e9 &#8220;err\u00e1tica&#8221; e se d\u00e1 sobre uma base deprimida no ano passado.<\/p>\n<p>&#8220;Permanece um ambiente de incerteza no campo pol\u00edtico que traz tamb\u00e9m incertezas no ambiente econ\u00f4mica principalmente quando se fala em decis\u00f5es de investimento e no consumo das fam\u00edlias&#8221;, afirmou.<\/p>\n<p>No acumulado de 12 meses, produ\u00e7\u00e3o industrial brasileira ainda registra queda, de 2,4%. O valor, por\u00e9m, \u00e9 menor do que o verificado em meses anteriores. Em maio, pela primeira vez desde 2014, a produ\u00e7\u00e3o de bens de capital e de bens de consumo dur\u00e1veis atingiram taxas positivas em 12 meses.<\/p>\n<p>Fonte: \u00a0Folha SP<\/p>\n","protected":false},"excerpt":{"rendered":"<p>A produ\u00e7\u00e3o da ind\u00fastria brasileira cresceu 0,8% em maio, na compara\u00e7\u00e3o com o m\u00eas anterior, informou nesta ter\u00e7a (4) o IBGE. Foi o melhor resultado&#8230;<\/p>\n","protected":false},"author":1182,"featured_media":18495,"comment_status":"closed","ping_status":"closed","sticky":false,"template":"","format":"standard","meta":{"footnotes":""},"categories":[6],"tags":[],"class_list":["post-23830","post","type-post","status-publish","format-standard","has-post-thumbnail","hentry","category-noticias"],"_links":{"self":[{"href":"https:\/\/www.sincomam.org.br\/index.php\/wp-json\/wp\/v2\/posts\/23830","targetHints":{"allow":["GET"]}}],"collection":[{"href":"https:\/\/www.sincomam.org.br\/index.php\/wp-json\/wp\/v2\/posts"}],"about":[{"href":"https:\/\/www.sincomam.org.br\/index.php\/wp-json\/wp\/v2\/types\/post"}],"author":[{"embeddable":true,"href":"https:\/\/www.sincomam.org.br\/index.php\/wp-json\/wp\/v2\/users\/1182"}],"replies":[{"embeddable":true,"href":"https:\/\/www.sincomam.org.br\/index.php\/wp-json\/wp\/v2\/comments?post=23830"}],"version-history":[{"count":1,"href":"https:\/\/www.sincomam.org.br\/index.php\/wp-json\/wp\/v2\/posts\/23830\/revisions"}],"predecessor-version":[{"id":23831,"href":"https:\/\/www.sincomam.org.br\/index.php\/wp-json\/wp\/v2\/posts\/23830\/revisions\/23831"}],"wp:featuredmedia":[{"embeddable":true,"href":"https:\/\/www.sincomam.org.br\/index.php\/wp-json\/wp\/v2\/media\/18495"}],"wp:attachment":[{"href":"https:\/\/www.sincomam.org.br\/index.php\/wp-json\/wp\/v2\/media?parent=23830"}],"wp:term":[{"taxonomy":"category","embeddable":true,"href":"https:\/\/www.sincomam.org.br\/index.php\/wp-json\/wp\/v2\/categories?post=23830"},{"taxonomy":"post_tag","embeddable":true,"href":"https:\/\/www.sincomam.org.br\/index.php\/wp-json\/wp\/v2\/tags?post=23830"}],"curies":[{"name":"wp","href":"https:\/\/api.w.org\/{rel}","templated":true}]}}