{"id":23826,"date":"2017-07-05T10:00:04","date_gmt":"2017-07-05T13:00:04","guid":{"rendered":"http:\/\/www.sincomam.org.br\/?p=23826"},"modified":"2017-07-05T10:00:04","modified_gmt":"2017-07-05T13:00:04","slug":"azul-vai-recomprar-ate-700-mil-acoes-nos-proximos-18-meses","status":"publish","type":"post","link":"https:\/\/www.sincomam.org.br\/index.php\/azul-vai-recomprar-ate-700-mil-acoes-nos-proximos-18-meses\/","title":{"rendered":"Azul vai recomprar at\u00e9 700 mil a\u00e7\u00f5es nos pr\u00f3ximos 18 meses"},"content":{"rendered":"<p>A Azul\u00a0recomprar\u00e1 nos pr\u00f3ximos 18 meses at\u00e9 700 mil a\u00e7\u00f5es preferenciais de emiss\u00e3o pr\u00f3pria, a fim de atender \u00e0s obriga\u00e7\u00f5es assumidas no plano de outorga aprovado em junho de 2014, informou a companhia a\u00e9rea em fato relevante.<\/p>\n<p>As aquisi\u00e7\u00f5es podem ser feitas a partir desta quarta-feira, devendo ser conclu\u00eddas at\u00e9 5 de janeiro de 2019, esclareceu a empresa no comunicado.<\/p>\n<p>As a\u00e7\u00f5es da Azul estrearam na B3 em 11 de abril deste ano, ap\u00f3s uma oferta inicial (IPO, em ingl\u00eas) que movimentou 2 bilh\u00f5es de reais.<\/p>\n","protected":false},"excerpt":{"rendered":"<p>A Azul\u00a0recomprar\u00e1 nos pr\u00f3ximos 18 meses at\u00e9 700 mil a\u00e7\u00f5es preferenciais de emiss\u00e3o pr\u00f3pria, a fim de atender \u00e0s obriga\u00e7\u00f5es assumidas no plano de outorga&#8230;<\/p>\n","protected":false},"author":1182,"featured_media":19430,"comment_status":"closed","ping_status":"closed","sticky":false,"template":"","format":"standard","meta":{"footnotes":""},"categories":[6],"tags":[],"class_list":["post-23826","post","type-post","status-publish","format-standard","has-post-thumbnail","hentry","category-noticias"],"_links":{"self":[{"href":"https:\/\/www.sincomam.org.br\/index.php\/wp-json\/wp\/v2\/posts\/23826","targetHints":{"allow":["GET"]}}],"collection":[{"href":"https:\/\/www.sincomam.org.br\/index.php\/wp-json\/wp\/v2\/posts"}],"about":[{"href":"https:\/\/www.sincomam.org.br\/index.php\/wp-json\/wp\/v2\/types\/post"}],"author":[{"embeddable":true,"href":"https:\/\/www.sincomam.org.br\/index.php\/wp-json\/wp\/v2\/users\/1182"}],"replies":[{"embeddable":true,"href":"https:\/\/www.sincomam.org.br\/index.php\/wp-json\/wp\/v2\/comments?post=23826"}],"version-history":[{"count":1,"href":"https:\/\/www.sincomam.org.br\/index.php\/wp-json\/wp\/v2\/posts\/23826\/revisions"}],"predecessor-version":[{"id":23827,"href":"https:\/\/www.sincomam.org.br\/index.php\/wp-json\/wp\/v2\/posts\/23826\/revisions\/23827"}],"wp:featuredmedia":[{"embeddable":true,"href":"https:\/\/www.sincomam.org.br\/index.php\/wp-json\/wp\/v2\/media\/19430"}],"wp:attachment":[{"href":"https:\/\/www.sincomam.org.br\/index.php\/wp-json\/wp\/v2\/media?parent=23826"}],"wp:term":[{"taxonomy":"category","embeddable":true,"href":"https:\/\/www.sincomam.org.br\/index.php\/wp-json\/wp\/v2\/categories?post=23826"},{"taxonomy":"post_tag","embeddable":true,"href":"https:\/\/www.sincomam.org.br\/index.php\/wp-json\/wp\/v2\/tags?post=23826"}],"curies":[{"name":"wp","href":"https:\/\/api.w.org\/{rel}","templated":true}]}}