{"id":23799,"date":"2017-06-30T00:19:02","date_gmt":"2017-06-30T03:19:02","guid":{"rendered":"http:\/\/sincomam.org.br\/?p=23799"},"modified":"2017-06-29T10:19:53","modified_gmt":"2017-06-29T13:19:53","slug":"ministerio-publico-prorroga-prazo-para-docas-indicar-onde-ira-incinerar-gases","status":"publish","type":"post","link":"https:\/\/www.sincomam.org.br\/index.php\/ministerio-publico-prorroga-prazo-para-docas-indicar-onde-ira-incinerar-gases\/","title":{"rendered":"Minist\u00e9rio P\u00fablico prorroga prazo para Docas indicar onde ir\u00e1 incinerar gases"},"content":{"rendered":"<p>O Minist\u00e9rio P\u00fablico de Guaruj\u00e1 prorrogou, at\u00e9 a pr\u00f3xima segunda-feira, o prazo para que a Companhia Docas do Estado de S\u00e3o Paulo (Codesp), a estatal que administra o Porto de Santos, informe novas op\u00e7\u00f5es de locais para a queima de 115 cilindros com gases t\u00f3xicos armazenados no complexo mar\u00edtimo. Enquanto isso, a Autoridade Portu\u00e1ria afirma que est\u00e1 monitorando as cargas, encontradas h\u00e1 dois anos em instala\u00e7\u00f5es do cais e, hoje, guardadas na regi\u00e3o do Valongo.<\/p>\n<p>O plano da Docas era queimar o conte\u00fado dos cilindros na Base A\u00e9rea de Santos, no distrito de Vicente de Carvalho,em Guaruj\u00e1. Entre as cargas, est\u00e1 a fosfina (outra denomina\u00e7\u00e3o do hidreto de f\u00f3sforo), que \u00e9 altamente t\u00f3xica e usada para erradicar pragas. O material seria retirado do Valongo, carregado em uma embarca\u00e7\u00e3o e levado at\u00e9 a unidade da Aeron\u00e1utica, que fica \u00e0s margens do canal de navega\u00e7\u00e3o.\u00a0<\/p>\n<p>No entanto, a Prefeitura de Guaruj\u00e1 \u00e9 contra o transporte dos cilindros para o munic\u00edpio. A alega\u00e7\u00e3o \u00e9 de que a popula\u00e7\u00e3o da cidade n\u00e3o pode ser exposta a um risco, j\u00e1 que a pr\u00f3pria Codesp reconhece o potencial destrutivo da carga.<\/p>\n<p>Inicialmente, a Autoridade Portu\u00e1ria informou que, se um dos cilindros apresentar vazamentos, h\u00e1 a possibilidade de explos\u00f5es. E como se tratam de gases t\u00f3xicos, o problema ainda poderia ocasionar a evacua\u00e7\u00e3o de v\u00e1rios bairros da cidade.\u00a0<\/p>\n<p>Mas, segundo o diretor-presidente da Docas, Jos\u00e9 Alex Oliva, a situa\u00e7\u00e3o n\u00e3o \u00e9 t\u00e3o alarmante. O executivo afirma que os cilindros est\u00e3o sendo monitorados atrav\u00e9s de c\u00e2meras e que h\u00e1 uma empresa contratada para avaliar as condi\u00e7\u00f5es da mercadoria perigosa.\u00a0<\/p>\n<p>\u201cN\u00e3o h\u00e1 motivo para p\u00e2nico. Todas as medidas est\u00e3o sendo tomadas e a situa\u00e7\u00e3o est\u00e1 sob controle. O descarte (dos cilindros) ser\u00e1 feito como manda a lei\u201d, destacou o respons\u00e1vel pela Autoridade Portu\u00e1ria, sem especificar mais detalhes.\u00a0<\/p>\n<p>A Tribuna apurou que, desde a semana passada, quando o assunto foi discutido no Conselho de Defesa do Meio Ambiente (Condema) de Guaruj\u00e1 e ganhou visibilidade, agentes da Guarda Portu\u00e1ria tamb\u00e9m passaram a fazer rondas nas proximidades do armaz\u00e9m onde est\u00e1 o carregamento. Uma viatura permanece durante todo o dia no entorno do local, que est\u00e1 fechado com cadeados.\u00a0<\/p>\n<p>Apesar de aparentarem bom estado, os cilindros com produtos t\u00f3xicos e explosivos perderam a garantia de controle de suas v\u00e1lvulas. Por isso, segundo a Codesp, h\u00e1 a necessidade de uma destina\u00e7\u00e3o adequada para o material.<\/p>\n<p>O problema \u00e9 que, enquanto isso, a carga permanece em um armaz\u00e9m sucateado. O telhado da instala\u00e7\u00e3o est\u00e1 deteriorado, assim como as paredes e toda a sua estrutura. O local conta com vidros quebrados e grande quantidade de pombos e sujeira no entorno.\u00a0<\/p>\n<p>Administra\u00e7\u00e3o municipal\u00a0<\/p>\n<p>Procurada, a Prefeitura de Santos informou que a Defesa Civil acompanha as a\u00e7\u00f5es da Companhia Docas e tem conhecimento dos planos que devem ser acionados em casos de emerg\u00eancia. No entanto, a Administra\u00e7\u00e3o Municipal n\u00e3o se posicionou sobre os riscos \u00e0 popula\u00e7\u00e3o. Disse apenas que os cilindros est\u00e3o em \u00e1rea de responsabilidade da Autoridade Portu\u00e1ria.<\/p>\n<p>Procurada, a Companhia Ambiental do Estado de S\u00e3o Paulo (Cetesb) n\u00e3o respondeu aos questionamentos da reportagem sobre os procedimentos a serem adotados e os riscos relacionados com os cilindros carregados com produtos qu\u00edmicos no Porto de Santos.\u00a0<\/p>\n<p>&nbsp;<\/p>\n<p>Fonte: A Tribuna<\/p>\n<div class=\"jwDisqusForm\"><\/div>\n","protected":false},"excerpt":{"rendered":"<p>O Minist\u00e9rio P\u00fablico de Guaruj\u00e1 prorrogou, at\u00e9 a pr\u00f3xima segunda-feira, o prazo para que a Companhia Docas do Estado de S\u00e3o Paulo (Codesp), a estatal&#8230;<\/p>\n","protected":false},"author":1182,"featured_media":19106,"comment_status":"closed","ping_status":"closed","sticky":false,"template":"","format":"standard","meta":{"footnotes":""},"categories":[6],"tags":[],"class_list":["post-23799","post","type-post","status-publish","format-standard","has-post-thumbnail","hentry","category-noticias"],"_links":{"self":[{"href":"https:\/\/www.sincomam.org.br\/index.php\/wp-json\/wp\/v2\/posts\/23799","targetHints":{"allow":["GET"]}}],"collection":[{"href":"https:\/\/www.sincomam.org.br\/index.php\/wp-json\/wp\/v2\/posts"}],"about":[{"href":"https:\/\/www.sincomam.org.br\/index.php\/wp-json\/wp\/v2\/types\/post"}],"author":[{"embeddable":true,"href":"https:\/\/www.sincomam.org.br\/index.php\/wp-json\/wp\/v2\/users\/1182"}],"replies":[{"embeddable":true,"href":"https:\/\/www.sincomam.org.br\/index.php\/wp-json\/wp\/v2\/comments?post=23799"}],"version-history":[{"count":1,"href":"https:\/\/www.sincomam.org.br\/index.php\/wp-json\/wp\/v2\/posts\/23799\/revisions"}],"predecessor-version":[{"id":23800,"href":"https:\/\/www.sincomam.org.br\/index.php\/wp-json\/wp\/v2\/posts\/23799\/revisions\/23800"}],"wp:featuredmedia":[{"embeddable":true,"href":"https:\/\/www.sincomam.org.br\/index.php\/wp-json\/wp\/v2\/media\/19106"}],"wp:attachment":[{"href":"https:\/\/www.sincomam.org.br\/index.php\/wp-json\/wp\/v2\/media?parent=23799"}],"wp:term":[{"taxonomy":"category","embeddable":true,"href":"https:\/\/www.sincomam.org.br\/index.php\/wp-json\/wp\/v2\/categories?post=23799"},{"taxonomy":"post_tag","embeddable":true,"href":"https:\/\/www.sincomam.org.br\/index.php\/wp-json\/wp\/v2\/tags?post=23799"}],"curies":[{"name":"wp","href":"https:\/\/api.w.org\/{rel}","templated":true}]}}