{"id":23788,"date":"2017-06-29T00:09:15","date_gmt":"2017-06-29T03:09:15","guid":{"rendered":"http:\/\/www.sincomam.org.br\/?p=23788"},"modified":"2017-06-28T10:10:35","modified_gmt":"2017-06-28T13:10:35","slug":"denuncia-contra-temer-reforca-racha-dentro-do-psdb","status":"publish","type":"post","link":"https:\/\/www.sincomam.org.br\/index.php\/denuncia-contra-temer-reforca-racha-dentro-do-psdb\/","title":{"rendered":"Den\u00fancia contra Temer refor\u00e7a racha dentro do PSDB"},"content":{"rendered":"<p>A den\u00fancia apresentada pelo procurador-geral da Rep\u00fablica, Rodrigo Janot, contra o presidente Michel Temer, ao Supremo Tribunal Federal refor\u00e7ou o movimento de parte da bancada do PSDB na C\u00e2mara dos Deputados pelo desembarque do partido do governo.<\/p>\n<p>Apesar do esfor\u00e7o do Pal\u00e1cio do Planalto para manter os tucanos, que comandam quatro minist\u00e9rios, ao seu lado, o presidente n\u00e3o dever\u00e1 ter o apoio em bloco da legenda na vota\u00e7\u00e3o da admissibilidade de den\u00fancia no plen\u00e1rio da C\u00e2mara.<\/p>\n<p>Para ser aprovada, a solicita\u00e7\u00e3o para a instaura\u00e7\u00e3o do processo precisa do apoio de 342 dos 513 deputados da Casa. Se ficar admitida a acusa\u00e7\u00e3o, ap\u00f3s a aprova\u00e7\u00e3o do parecer, ser\u00e1 autorizada a instaura\u00e7\u00e3o do processo no Supremo.<\/p>\n<p>O Estado ouviu 31 dos 46 integrantes da bancada do PSDB. Destes, 15 afirmaram que votar\u00e3o pela admissibilidade da den\u00fancia, sete contra e nove se disseram indecisos ou n\u00e3o quiseram opinar. Parte desse grupo prefere manter o posicionamento em sigilo por ora, mas muitos j\u00e1 falam abertamente.<\/p>\n<p>\u201cVou votar favoravelmente. N\u00e3o cabe \u00e0 C\u00e2mara dos Deputados impedir a admissibilidade (da den\u00fancia). O PSDB precisa de uma atitude independente em rela\u00e7\u00e3o ao governo Temer\u201d, afirmou o deputado Eduardo Barbosa (MG).<\/p>\n<p>O Estado apurou ainda que, dos sete tucanos que integram a Comiss\u00e3o de Constitui\u00e7\u00e3o e Justi\u00e7a (CCJ), onde ser\u00e1 realizada a primeira etapa do processo, pelo menos cinco tendem a votar contra o governo.<\/p>\n<h3><strong>Consulta<\/strong><\/h3>\n<p>O l\u00edder do PSDB na C\u00e2mara, deputado Ricardo Tripoli (SP), disse que avisou a c\u00fapula do partido de que vai consultar a bancada e votar\u00e1 com a maioria. A interlocutores, por\u00e9m, ele sinalizou que n\u00e3o pretende articular nenhum movimento em defesa do Planalto.<\/p>\n<p>Aliado do governador de S\u00e3o Paulo, Geraldo Alckmin, o deputado Silvio Torres (SP), secret\u00e1rio-geral do PSDB, reconheceu que o ambiente mudou desde a reuni\u00e3o ampliada da executiva tucana no dia 12 que decidiu pela perman\u00eancia no governo (mais informa\u00e7\u00f5es nesta p\u00e1gina).<\/p>\n<h3><strong>Tempo<\/strong><\/h3>\n<p>Em car\u00e1ter reservado, at\u00e9 mesmo os mais conhecidos defensores de Temer na bancada declararam que o desembarque do partido da base do governo \u00e9 uma \u201cquest\u00e3o de tempo\u201d.<\/p>\n<p>A mudan\u00e7a de discurso do ex-presidente Fernando Henrique Cardoso, que passou a defender a ren\u00fancia de Temer, enfraqueceu o discurso dos tucanos mais alinhados com o Planalto.<\/p>\n<p>O PSDB comanda, atualmente, quatro pastas na Esplanada dos Minist\u00e9rios: Cidades (Bruno Ara\u00fajo), Rela\u00e7\u00f5es Exteriores (Aloysio Nunes Ferreira), Direitos Humanos (Luislinda Valois) e Secretaria de Governo (Antonio Imbassahy).<\/p>\n<p>Destes, Imbassahy e Nunes s\u00e3o os mais engajados em manter o PSDB no governo. O presidente licenciado do PSDB, senador afastado A\u00e9cio Neves (MG), tamb\u00e9m faz parte do grupo que pressiona o partido para permanecer ao lado de Temer.<\/p>\n<h3><strong>Carta<\/strong><\/h3>\n<p>Essa ala \u201cpr\u00f3-perman\u00eancia\u201d no governo no tem ainda o refor\u00e7o do Instituto Teot\u00f4nio Vilela, bra\u00e7o te\u00f3rico do PSDB que \u00e9 presidido pelo suplente de senador e ex-secret\u00e1rio estadual Jos\u00e9 An\u00edbal (SP).<\/p>\n<p>Em uma \u201ccarta de formula\u00e7\u00e3o e mobiliza\u00e7\u00e3o pol\u00edtica\u201d divulgada ontem, o instituto disse que a eventual queda de Temer atende \u201c\u00e0s preces dos narradores do petismo\u201d.<\/p>\n<p>O mesmo documento faz coro com a defesa de Temer e afirma que n\u00e3o h\u00e1, pelo menos por ora, \u201cuma prova inconteste, uma evid\u00eancia acachapante ou um depoimento irrefut\u00e1vel que leve a uma condena\u00e7\u00e3o inequ\u00edvoca\u201d.<\/p>\n<p>As informa\u00e7\u00f5es s\u00e3o do jornal O Estado de S. Paulo.<\/p>\n","protected":false},"excerpt":{"rendered":"<p>A den\u00fancia apresentada pelo procurador-geral da Rep\u00fablica, Rodrigo Janot, contra o presidente Michel Temer, ao Supremo Tribunal Federal refor\u00e7ou o movimento de parte da bancada&#8230;<\/p>\n","protected":false},"author":1182,"featured_media":19480,"comment_status":"closed","ping_status":"closed","sticky":false,"template":"","format":"standard","meta":{"footnotes":""},"categories":[6],"tags":[],"class_list":["post-23788","post","type-post","status-publish","format-standard","has-post-thumbnail","hentry","category-noticias"],"_links":{"self":[{"href":"https:\/\/www.sincomam.org.br\/index.php\/wp-json\/wp\/v2\/posts\/23788","targetHints":{"allow":["GET"]}}],"collection":[{"href":"https:\/\/www.sincomam.org.br\/index.php\/wp-json\/wp\/v2\/posts"}],"about":[{"href":"https:\/\/www.sincomam.org.br\/index.php\/wp-json\/wp\/v2\/types\/post"}],"author":[{"embeddable":true,"href":"https:\/\/www.sincomam.org.br\/index.php\/wp-json\/wp\/v2\/users\/1182"}],"replies":[{"embeddable":true,"href":"https:\/\/www.sincomam.org.br\/index.php\/wp-json\/wp\/v2\/comments?post=23788"}],"version-history":[{"count":1,"href":"https:\/\/www.sincomam.org.br\/index.php\/wp-json\/wp\/v2\/posts\/23788\/revisions"}],"predecessor-version":[{"id":23789,"href":"https:\/\/www.sincomam.org.br\/index.php\/wp-json\/wp\/v2\/posts\/23788\/revisions\/23789"}],"wp:featuredmedia":[{"embeddable":true,"href":"https:\/\/www.sincomam.org.br\/index.php\/wp-json\/wp\/v2\/media\/19480"}],"wp:attachment":[{"href":"https:\/\/www.sincomam.org.br\/index.php\/wp-json\/wp\/v2\/media?parent=23788"}],"wp:term":[{"taxonomy":"category","embeddable":true,"href":"https:\/\/www.sincomam.org.br\/index.php\/wp-json\/wp\/v2\/categories?post=23788"},{"taxonomy":"post_tag","embeddable":true,"href":"https:\/\/www.sincomam.org.br\/index.php\/wp-json\/wp\/v2\/tags?post=23788"}],"curies":[{"name":"wp","href":"https:\/\/api.w.org\/{rel}","templated":true}]}}