{"id":23776,"date":"2017-06-28T10:00:50","date_gmt":"2017-06-28T13:00:50","guid":{"rendered":"http:\/\/www.sincomam.org.br\/?p=23776"},"modified":"2017-06-28T10:00:50","modified_gmt":"2017-06-28T13:00:50","slug":"anp-pretende-iniciar-oferta-permanente-de-areas-exploratorias-em-2018","status":"publish","type":"post","link":"https:\/\/www.sincomam.org.br\/index.php\/anp-pretende-iniciar-oferta-permanente-de-areas-exploratorias-em-2018\/","title":{"rendered":"ANP pretende iniciar oferta permanente de \u00e1reas explorat\u00f3rias em 2018"},"content":{"rendered":"<p>O diretor-geral da Ag\u00eancia Nacional do Petr\u00f3leo (ANP), D\u00e9cio Oddone, disse na tarde desta ter\u00e7a-feira que o \u00f3rg\u00e3o regulador pretende iniciar no ano que vem a oferta permanente de \u00e1reas explorat\u00f3rias. Neste m\u00eas, o Conselho Nacional de Pol\u00edtica Energ\u00e9tica (CNPE) aprovou o mecanismo, que funciona como um modelo de oferta alternativo \u00e0s rodadas de licita\u00e7\u00f5es, no qual as petroleiras possam arrematar novas \u00e1reas sem a necessidade de esperar os leil\u00f5es anuais.<\/p>\n<p>A ideia da ag\u00eancia \u00e9 disponibilizar ao mercado um conjunto de ativos, sejam de \u00e1reas oferecidas e n\u00e3o arrematadas em leil\u00f5es passados, sejam de \u00e1reas devolvidas \u00e0 Uni\u00e3o. A partir da defini\u00e7\u00e3o desse &#8220;card\u00e1pio&#8221;, os ativos ficariam dispon\u00edveis para que as petroleiras manifestem, a qualquer momento, o interesse pelas \u00e1reas.<\/p>\n<p>Oddone disse tamb\u00e9m que, independentemente da situa\u00e7\u00e3o pol\u00edtica do pa\u00eds, o interesse das petroleiras pelas \u00e1reas oferecidas pelo governo brasileiro este ano \u00e9 grande. \u201cO que tenho ouvido das empresas \u00e9 que se trata de um mercado internacional, atrelado a pre\u00e7os internacionais de petr\u00f3leo, que trabalha com contratos de longo prazo, que o Brasil tem tradi\u00e7\u00e3o de respeitar contratos. Tudo isso cria um plano de fundo para que as rodadas sejam exitosas. \u00c9 muito importante para n\u00f3s que as rodadas deste ano sejam exitosas\u201d, disse o diretor, durante apresenta\u00e7\u00e3o na Federa\u00e7\u00e3o das Ind\u00fastrias do Estado do Rio de Janeiro (Firjan).<\/p>\n<p>Fonte: Valor<\/p>\n","protected":false},"excerpt":{"rendered":"<p>O diretor-geral da Ag\u00eancia Nacional do Petr\u00f3leo (ANP), D\u00e9cio Oddone, disse na tarde desta ter\u00e7a-feira que o \u00f3rg\u00e3o regulador pretende iniciar no ano que vem&#8230;<\/p>\n","protected":false},"author":1182,"featured_media":17857,"comment_status":"closed","ping_status":"closed","sticky":false,"template":"","format":"standard","meta":{"footnotes":""},"categories":[6],"tags":[],"class_list":["post-23776","post","type-post","status-publish","format-standard","has-post-thumbnail","hentry","category-noticias"],"_links":{"self":[{"href":"https:\/\/www.sincomam.org.br\/index.php\/wp-json\/wp\/v2\/posts\/23776","targetHints":{"allow":["GET"]}}],"collection":[{"href":"https:\/\/www.sincomam.org.br\/index.php\/wp-json\/wp\/v2\/posts"}],"about":[{"href":"https:\/\/www.sincomam.org.br\/index.php\/wp-json\/wp\/v2\/types\/post"}],"author":[{"embeddable":true,"href":"https:\/\/www.sincomam.org.br\/index.php\/wp-json\/wp\/v2\/users\/1182"}],"replies":[{"embeddable":true,"href":"https:\/\/www.sincomam.org.br\/index.php\/wp-json\/wp\/v2\/comments?post=23776"}],"version-history":[{"count":1,"href":"https:\/\/www.sincomam.org.br\/index.php\/wp-json\/wp\/v2\/posts\/23776\/revisions"}],"predecessor-version":[{"id":23777,"href":"https:\/\/www.sincomam.org.br\/index.php\/wp-json\/wp\/v2\/posts\/23776\/revisions\/23777"}],"wp:featuredmedia":[{"embeddable":true,"href":"https:\/\/www.sincomam.org.br\/index.php\/wp-json\/wp\/v2\/media\/17857"}],"wp:attachment":[{"href":"https:\/\/www.sincomam.org.br\/index.php\/wp-json\/wp\/v2\/media?parent=23776"}],"wp:term":[{"taxonomy":"category","embeddable":true,"href":"https:\/\/www.sincomam.org.br\/index.php\/wp-json\/wp\/v2\/categories?post=23776"},{"taxonomy":"post_tag","embeddable":true,"href":"https:\/\/www.sincomam.org.br\/index.php\/wp-json\/wp\/v2\/tags?post=23776"}],"curies":[{"name":"wp","href":"https:\/\/api.w.org\/{rel}","templated":true}]}}