{"id":23772,"date":"2017-07-04T00:57:48","date_gmt":"2017-07-04T03:57:48","guid":{"rendered":"http:\/\/www.sincomam.org.br\/?p=23772"},"modified":"2017-07-04T08:42:07","modified_gmt":"2017-07-04T11:42:07","slug":"bndes-brasil-estara-direcionado-para-crescimento-sustentavel-ate-2020","status":"publish","type":"post","link":"https:\/\/www.sincomam.org.br\/index.php\/bndes-brasil-estara-direcionado-para-crescimento-sustentavel-ate-2020\/","title":{"rendered":"BNDES: Brasil estar\u00e1 direcionado para crescimento sustent\u00e1vel at\u00e9 2020"},"content":{"rendered":"<p>O presidente do Banco Nacional de Desenvolvimento Econ\u00f4mico e Social (BNDES), Paulo Rabello de Castro, buscou passar uma mensagem de otimismo a investidores nacionais e estrangeiros nesta ter\u00e7a-feira. Ele discursou no 7\u00ba Congresso Brasileiro de Inova\u00e7\u00e3o da Ind\u00fastria, realizado pelo Sebrae e pela Confedera\u00e7\u00e3o Nacional da Ind\u00fastria (CNI), em S\u00e3o Paulo.<\/p>\n<p>Rabello se disse confiante de que \u201cantes mesmo da virada da pr\u00f3xima d\u00e9cada, em 2020, o Brasil estar\u00e1 de novo direcionado para o crescimento sustent\u00e1vel, com baixa infla\u00e7\u00e3o, uma vida descomplicada, com reformas tribut\u00e1ria, financeira, industrial e de emprego\u201d.<\/p>\n<p>O presidente Michel Temer, que \u00e9 pr\u00f3ximo de Rabello e que o convocou para comandar o BNDES, se tornou ontem o primeiro presidente da Rep\u00fablica a ser denunciado judicialmente por corrup\u00e7\u00e3o durante o exerc\u00edcio do mandato. A den\u00fancia foi feita pela Procuradoria-Geral da Rep\u00fablica, com base nas dela\u00e7\u00f5es premiadas de executivos da JBS.<\/p>\n<p>Rabello afirmou que o Brasil e o BNDES \u201cvivem os mesmo problemas: ou se aposentam ou se reciclam\u201d, mas disse tamb\u00e9m que ambos \u201cest\u00e3o prontos para se reciclar\u201d. Segundo ele, o pa\u00eds passa por \u201cum grave problema de comportamento \u00e9tico, causando um ciclo enorme de desemprego\u201d.<\/p>\n<p>\u201cMas n\u00e3o devemos desanimar. O Brasil passa por uma crise pol\u00edtica sim, mas aprende e aprender\u00e1 com essa crise\u201d, disse ele, para quem o BNDES \u201ctamb\u00e9m foi tolhido\u201d pela crise, \u201cmas est\u00e1 de cabe\u00e7a erguida\u201d.<\/p>\n<p>\u201cO BNDES diz em alto e bom som: contem conosco, estaremos ao lado da inova\u00e7\u00e3o, 101%\u201d, garantiu aos investidores. Ao todo, 3 mil pessoas se inscreveram para acompanhar o congresso.<\/p>\n<p>&nbsp;<\/p>\n<p>Fonte: Valor<\/p>\n","protected":false},"excerpt":{"rendered":"<p>O presidente do Banco Nacional de Desenvolvimento Econ\u00f4mico e Social (BNDES), Paulo Rabello de Castro, buscou passar uma mensagem de otimismo a investidores nacionais e&#8230;<\/p>\n","protected":false},"author":1182,"featured_media":17897,"comment_status":"closed","ping_status":"closed","sticky":false,"template":"","format":"standard","meta":{"footnotes":""},"categories":[6],"tags":[],"class_list":["post-23772","post","type-post","status-publish","format-standard","has-post-thumbnail","hentry","category-noticias"],"_links":{"self":[{"href":"https:\/\/www.sincomam.org.br\/index.php\/wp-json\/wp\/v2\/posts\/23772","targetHints":{"allow":["GET"]}}],"collection":[{"href":"https:\/\/www.sincomam.org.br\/index.php\/wp-json\/wp\/v2\/posts"}],"about":[{"href":"https:\/\/www.sincomam.org.br\/index.php\/wp-json\/wp\/v2\/types\/post"}],"author":[{"embeddable":true,"href":"https:\/\/www.sincomam.org.br\/index.php\/wp-json\/wp\/v2\/users\/1182"}],"replies":[{"embeddable":true,"href":"https:\/\/www.sincomam.org.br\/index.php\/wp-json\/wp\/v2\/comments?post=23772"}],"version-history":[{"count":1,"href":"https:\/\/www.sincomam.org.br\/index.php\/wp-json\/wp\/v2\/posts\/23772\/revisions"}],"predecessor-version":[{"id":23773,"href":"https:\/\/www.sincomam.org.br\/index.php\/wp-json\/wp\/v2\/posts\/23772\/revisions\/23773"}],"wp:featuredmedia":[{"embeddable":true,"href":"https:\/\/www.sincomam.org.br\/index.php\/wp-json\/wp\/v2\/media\/17897"}],"wp:attachment":[{"href":"https:\/\/www.sincomam.org.br\/index.php\/wp-json\/wp\/v2\/media?parent=23772"}],"wp:term":[{"taxonomy":"category","embeddable":true,"href":"https:\/\/www.sincomam.org.br\/index.php\/wp-json\/wp\/v2\/categories?post=23772"},{"taxonomy":"post_tag","embeddable":true,"href":"https:\/\/www.sincomam.org.br\/index.php\/wp-json\/wp\/v2\/tags?post=23772"}],"curies":[{"name":"wp","href":"https:\/\/api.w.org\/{rel}","templated":true}]}}