{"id":23661,"date":"2017-06-14T00:48:22","date_gmt":"2017-06-14T03:48:22","guid":{"rendered":"http:\/\/www.sincomam.org.br\/?p=23661"},"modified":"2017-06-14T00:48:22","modified_gmt":"2017-06-14T03:48:22","slug":"joesley-batista-prestou-depoimento-no-df-em-investigacao-sobre-conta-da-jbs-para-lula-e-dilma","status":"publish","type":"post","link":"https:\/\/www.sincomam.org.br\/index.php\/joesley-batista-prestou-depoimento-no-df-em-investigacao-sobre-conta-da-jbs-para-lula-e-dilma\/","title":{"rendered":"Joesley Batista prestou depoimento no DF em investiga\u00e7\u00e3o sobre conta da JBS para Lula e Dilma"},"content":{"rendered":"<p>O empres\u00e1rio Joesley Batista e o executivo Ricardo Saud, da JBS, prestaram depoimento na segunda-feira na Procuradoria da Rep\u00fablica no Distrito Federal em investiga\u00e7\u00e3o instaurada a partir das dela\u00e7\u00f5es do grupo. Eles foram chamados para explicar as informa\u00e7\u00f5es prestadas nos termos de colabora\u00e7\u00e3o fechado com a Opera\u00e7\u00e3o Lava-Jato que envolvem contas no exterior com recursos de propina supostamente destinados aos ex-presidentes Lula e Dilma Rousseff. Os dois ex-presidentes negam a acusa\u00e7\u00e3o.<\/p>\n<p>Na dela\u00e7\u00e3o, Joesley narrou que manteve duas contas no exterior por onde passaram cerca de US$ 150 milh\u00f5es, dos quais US$ 70 milh\u00f5es teriam sido movimentados em nome de Lula e US$ 80 milh\u00f5es, de Dilma. Essa parte da colabora\u00e7\u00e3o premiada fechada com a Lava-Jato foi desmembrada e encaminhada para a Procuradoria da Rep\u00fablica no Distrito Federal, que abriu um Procedimento Investigat\u00f3rio Criminal (PIC).<\/p>\n<div class=\"box box-vejaTambem\"><\/div>\n<p>Como Lula e Dilma n\u00e3o t\u00eam foro privilegiado, a investiga\u00e7\u00e3o passa a ser feita em primeira inst\u00e2ncia. A Procuradoria da Rep\u00fablica no DF confirma que Joesley e Saud prestaram depoimento nesta segunda-feira em Bras\u00edlia, mas n\u00e3o informou qualquer detalhe do que foi revelado. O \u00f3rg\u00e3o tamb\u00e9m disse n\u00e3o saber se novas oitavas est\u00e3o marcadas.<\/p>\n<p>O empres\u00e1rio desembarcou neste domingo no Brasil. Segundo informa\u00e7\u00f5es divulgadas na noite desta ter\u00e7a-feira pela assessoria da JBS, o empres\u00e1rio passou os \u00faltimos dias na China, e n\u00e3o nos Estados Unidos, como se supunha em fun\u00e7\u00e3o dos im\u00f3veis que ele em Nova Iorque.<\/p>\n<p>\u201cEle se ausentou do Brasil nos \u00faltimos dias para proteger a integridade de sua fam\u00edlia, que sofreu reiteradas amea\u00e7as desde que ele se disp\u00f4s a colaborar com o Minist\u00e9rio P\u00fablico\u201d, escreveu a assessoria de Joesley, em nota.<\/p>\n<p>De acordo com o comunicado, o empres\u00e1rio esteve na segunda-feira em reuni\u00f5es em Bras\u00edlia. Nesta ter\u00e7a-feira, ele participou de encontros de trabalho em S\u00e3o Paulo.<\/p>\n<p>Nos \u00faltimos dias, o setor jur\u00eddico do grupo J&amp;F, que det\u00e9m a JBS, vem dando continuidade \u00e0s investiga\u00e7\u00f5es internas para oferecer \u00e0 Procuradoria-Geral da Rep\u00fablica (PGR) dados complementares \u00e0 colabora\u00e7\u00e3o premiada dos executivos da empresa.<\/p>\n<p>Desde quando delatou dezenas de pol\u00edticos do alto escal\u00e3o, inclusive o presidente Michel Temer, o grupo J&amp;F tem identificado a a\u00e7\u00e3o de t\u00e9cnicos e agentes p\u00fablicos de diferentes \u00f3rg\u00e3os em a\u00e7\u00f5es de fiscaliza\u00e7\u00e3o \u00e0s suas empresas.<\/p>\n<p>Executivos t\u00eam interpretado a iniciativa como tentativa de intimida\u00e7\u00e3o ao grupo, por isso t\u00eam sido orientados por integrantes da PGR a registrar o nome desses funcion\u00e1rios e encaminh\u00e1-los ao \u00f3rg\u00e3o para que os epis\u00f3dios sejam investigados.<\/p>\n<p>Na nota, a empresa informou que ele n\u00e3o revelou que estava na China \u201cpor raz\u00f5es de seguran\u00e7a\u201d, e viajou ao exterior \u201ccom autoriza\u00e7\u00e3o da Justi\u00e7a Brasileira\u201d.<\/p>\n<p>De acordo com a assessoria do empres\u00e1rio, ele n\u00e3o estava \u201cpasseando na Quinta Avenida, em Nova York, ao contr\u00e1rio do que chegou a ser noticiado e caluniosamente dito at\u00e9 pelo presidente da Rep\u00fablica\u201d.<\/p>\n<p><span><br \/>Fonte: G1<br \/><\/span><\/p>\n","protected":false},"excerpt":{"rendered":"<p>O empres\u00e1rio Joesley Batista e o executivo Ricardo Saud, da JBS, prestaram depoimento na segunda-feira na Procuradoria da Rep\u00fablica no Distrito Federal em investiga\u00e7\u00e3o instaurada&#8230;<\/p>\n","protected":false},"author":1182,"featured_media":18467,"comment_status":"closed","ping_status":"closed","sticky":false,"template":"","format":"standard","meta":{"footnotes":""},"categories":[6],"tags":[],"class_list":["post-23661","post","type-post","status-publish","format-standard","has-post-thumbnail","hentry","category-noticias"],"_links":{"self":[{"href":"https:\/\/www.sincomam.org.br\/index.php\/wp-json\/wp\/v2\/posts\/23661","targetHints":{"allow":["GET"]}}],"collection":[{"href":"https:\/\/www.sincomam.org.br\/index.php\/wp-json\/wp\/v2\/posts"}],"about":[{"href":"https:\/\/www.sincomam.org.br\/index.php\/wp-json\/wp\/v2\/types\/post"}],"author":[{"embeddable":true,"href":"https:\/\/www.sincomam.org.br\/index.php\/wp-json\/wp\/v2\/users\/1182"}],"replies":[{"embeddable":true,"href":"https:\/\/www.sincomam.org.br\/index.php\/wp-json\/wp\/v2\/comments?post=23661"}],"version-history":[{"count":1,"href":"https:\/\/www.sincomam.org.br\/index.php\/wp-json\/wp\/v2\/posts\/23661\/revisions"}],"predecessor-version":[{"id":23662,"href":"https:\/\/www.sincomam.org.br\/index.php\/wp-json\/wp\/v2\/posts\/23661\/revisions\/23662"}],"wp:featuredmedia":[{"embeddable":true,"href":"https:\/\/www.sincomam.org.br\/index.php\/wp-json\/wp\/v2\/media\/18467"}],"wp:attachment":[{"href":"https:\/\/www.sincomam.org.br\/index.php\/wp-json\/wp\/v2\/media?parent=23661"}],"wp:term":[{"taxonomy":"category","embeddable":true,"href":"https:\/\/www.sincomam.org.br\/index.php\/wp-json\/wp\/v2\/categories?post=23661"},{"taxonomy":"post_tag","embeddable":true,"href":"https:\/\/www.sincomam.org.br\/index.php\/wp-json\/wp\/v2\/tags?post=23661"}],"curies":[{"name":"wp","href":"https:\/\/api.w.org\/{rel}","templated":true}]}}