{"id":23655,"date":"2017-06-14T00:44:08","date_gmt":"2017-06-14T03:44:08","guid":{"rendered":"http:\/\/www.sincomam.org.br\/?p=23655"},"modified":"2017-06-14T00:44:08","modified_gmt":"2017-06-14T03:44:08","slug":"temer-promete-alterar-pontos-da-reforma-trabalhista-por-meio-de-medida-provisoria","status":"publish","type":"post","link":"https:\/\/www.sincomam.org.br\/index.php\/temer-promete-alterar-pontos-da-reforma-trabalhista-por-meio-de-medida-provisoria\/","title":{"rendered":"Temer promete alterar pontos da reforma trabalhista por meio de Medida Provis\u00f3ria"},"content":{"rendered":"<p>Tudo para agradar \u00e0s centrais sindicais. Talvez n\u00e3o seja o suficiente.\u00a0\u00c0s v\u00e9speras de novas manifesta\u00e7\u00f5es e amea\u00e7a de greve geral contra as reformas trabalhista e da Previd\u00eancia organizadas pelas maiores centrais sindicais, o presidente Michel Temer\u00a0recebeu nesta ter\u00e7a-feira (13) o l\u00edder da UGT, Ricardo Patah. A reuni\u00e3o durou mais de uma hora. Temer afirmou n\u00e3o ser poss\u00edvel alterar pontos da proposta da reforma trabalhista porque qualquer mudan\u00e7a que ocorra no Senado obrigaria o projeto a retornar para a C\u00e2mara. <\/p>\n<p>Contudo, ainda segundo o sindicalista, Michel Temer prometeu editar Medida Provis\u00f3ria para alterar pontos que devem entrar em vigor se a proposta atual for aprovada. Entre elas: a volta da obrigatoriedade da homologa\u00e7\u00e3o, pelos sindicatos, dos contratos rescindidos; impedir que mulheres gr\u00e1vidas trabalhem em lugares insalubres; e garantir que sindicalistas participem da elei\u00e7\u00e3o de representante dos trabalhadores nas comiss\u00f5es internas das empresas.<\/p>\n<p>Apesar do encontro, Ricardo Patah afirma que a alian\u00e7a entre as centrais contra as propostas das reformas permanece firme. \u00c9 bom lembrar que, durante protestos, para al\u00e9m dos gritos contr\u00e1rios \u00e0s reformas, h\u00e1 sempre o &#8220;Fora, Temer!&#8221;.<\/p>\n<p>Fonte: \u00c9poca<\/p>\n","protected":false},"excerpt":{"rendered":"<p>Tudo para agradar \u00e0s centrais sindicais. Talvez n\u00e3o seja o suficiente.\u00a0\u00c0s v\u00e9speras de novas manifesta\u00e7\u00f5es e amea\u00e7a de greve geral contra as reformas trabalhista e&#8230;<\/p>\n","protected":false},"author":1182,"featured_media":19480,"comment_status":"closed","ping_status":"closed","sticky":false,"template":"","format":"standard","meta":{"footnotes":""},"categories":[6],"tags":[],"class_list":["post-23655","post","type-post","status-publish","format-standard","has-post-thumbnail","hentry","category-noticias"],"_links":{"self":[{"href":"https:\/\/www.sincomam.org.br\/index.php\/wp-json\/wp\/v2\/posts\/23655","targetHints":{"allow":["GET"]}}],"collection":[{"href":"https:\/\/www.sincomam.org.br\/index.php\/wp-json\/wp\/v2\/posts"}],"about":[{"href":"https:\/\/www.sincomam.org.br\/index.php\/wp-json\/wp\/v2\/types\/post"}],"author":[{"embeddable":true,"href":"https:\/\/www.sincomam.org.br\/index.php\/wp-json\/wp\/v2\/users\/1182"}],"replies":[{"embeddable":true,"href":"https:\/\/www.sincomam.org.br\/index.php\/wp-json\/wp\/v2\/comments?post=23655"}],"version-history":[{"count":1,"href":"https:\/\/www.sincomam.org.br\/index.php\/wp-json\/wp\/v2\/posts\/23655\/revisions"}],"predecessor-version":[{"id":23656,"href":"https:\/\/www.sincomam.org.br\/index.php\/wp-json\/wp\/v2\/posts\/23655\/revisions\/23656"}],"wp:featuredmedia":[{"embeddable":true,"href":"https:\/\/www.sincomam.org.br\/index.php\/wp-json\/wp\/v2\/media\/19480"}],"wp:attachment":[{"href":"https:\/\/www.sincomam.org.br\/index.php\/wp-json\/wp\/v2\/media?parent=23655"}],"wp:term":[{"taxonomy":"category","embeddable":true,"href":"https:\/\/www.sincomam.org.br\/index.php\/wp-json\/wp\/v2\/categories?post=23655"},{"taxonomy":"post_tag","embeddable":true,"href":"https:\/\/www.sincomam.org.br\/index.php\/wp-json\/wp\/v2\/tags?post=23655"}],"curies":[{"name":"wp","href":"https:\/\/api.w.org\/{rel}","templated":true}]}}