{"id":23646,"date":"2017-06-13T12:24:19","date_gmt":"2017-06-13T15:24:19","guid":{"rendered":"http:\/\/sincomam.org.br\/?p=23646"},"modified":"2017-06-13T12:24:19","modified_gmt":"2017-06-13T15:24:19","slug":"exportacoes-de-cafe-do-brasil-vao-diminuir","status":"publish","type":"post","link":"https:\/\/www.sincomam.org.br\/index.php\/exportacoes-de-cafe-do-brasil-vao-diminuir\/","title":{"rendered":"Exporta\u00e7\u00f5es de caf\u00e9 do Brasil v\u00e3o diminuir"},"content":{"rendered":"<p>O Brasil, maior produtor e exportador global de caf\u00e9, dever\u00e1 exportar cerca de 32 milh\u00f5es de sacas de 60 kg na temporada 2017\/18 (julho\/junho), volume abaixo das 33,4 milh\u00f5es de sacas projetadas para a temporada 2016\/17, que se encerra neste m\u00eas, estima o diretor nos Estados Unidos da exportadora Comexim, Rodrigo Costa.<\/p>\n<p>De acordo com ele, com uma safra menor colhida neste ano no Pa\u00eds no per\u00edodo de baixa do ciclo bianual do ar\u00e1bica, a expectativa \u00e9 de uma exporta\u00e7\u00e3o mais baixa em rela\u00e7\u00e3o ao ciclo anterior. Segundo estimativas, a safra de caf\u00e9 do Brasil dever\u00e1 atingir 52 milh\u00f5es de sacas em 2017\/18, ante 55 milh\u00f5es de sacas em 2016\/17.<\/p>\n<p>Fonte: Di\u00e1rio do Nordeste<\/p>\n","protected":false},"excerpt":{"rendered":"<p>O Brasil, maior produtor e exportador global de caf\u00e9, dever\u00e1 exportar cerca de 32 milh\u00f5es de sacas de 60 kg na temporada 2017\/18 (julho\/junho), volume&#8230;<\/p>\n","protected":false},"author":1182,"featured_media":19106,"comment_status":"closed","ping_status":"closed","sticky":false,"template":"","format":"standard","meta":{"footnotes":""},"categories":[6],"tags":[],"class_list":["post-23646","post","type-post","status-publish","format-standard","has-post-thumbnail","hentry","category-noticias"],"_links":{"self":[{"href":"https:\/\/www.sincomam.org.br\/index.php\/wp-json\/wp\/v2\/posts\/23646","targetHints":{"allow":["GET"]}}],"collection":[{"href":"https:\/\/www.sincomam.org.br\/index.php\/wp-json\/wp\/v2\/posts"}],"about":[{"href":"https:\/\/www.sincomam.org.br\/index.php\/wp-json\/wp\/v2\/types\/post"}],"author":[{"embeddable":true,"href":"https:\/\/www.sincomam.org.br\/index.php\/wp-json\/wp\/v2\/users\/1182"}],"replies":[{"embeddable":true,"href":"https:\/\/www.sincomam.org.br\/index.php\/wp-json\/wp\/v2\/comments?post=23646"}],"version-history":[{"count":1,"href":"https:\/\/www.sincomam.org.br\/index.php\/wp-json\/wp\/v2\/posts\/23646\/revisions"}],"predecessor-version":[{"id":23647,"href":"https:\/\/www.sincomam.org.br\/index.php\/wp-json\/wp\/v2\/posts\/23646\/revisions\/23647"}],"wp:featuredmedia":[{"embeddable":true,"href":"https:\/\/www.sincomam.org.br\/index.php\/wp-json\/wp\/v2\/media\/19106"}],"wp:attachment":[{"href":"https:\/\/www.sincomam.org.br\/index.php\/wp-json\/wp\/v2\/media?parent=23646"}],"wp:term":[{"taxonomy":"category","embeddable":true,"href":"https:\/\/www.sincomam.org.br\/index.php\/wp-json\/wp\/v2\/categories?post=23646"},{"taxonomy":"post_tag","embeddable":true,"href":"https:\/\/www.sincomam.org.br\/index.php\/wp-json\/wp\/v2\/tags?post=23646"}],"curies":[{"name":"wp","href":"https:\/\/api.w.org\/{rel}","templated":true}]}}