{"id":23644,"date":"2017-06-13T12:23:25","date_gmt":"2017-06-13T15:23:25","guid":{"rendered":"http:\/\/sincomam.org.br\/?p=23644"},"modified":"2017-06-13T12:23:25","modified_gmt":"2017-06-13T15:23:25","slug":"movimentacao-de-carga-cresce-72-este-ano-no-porto-do-recife","status":"publish","type":"post","link":"https:\/\/www.sincomam.org.br\/index.php\/movimentacao-de-carga-cresce-72-este-ano-no-porto-do-recife\/","title":{"rendered":"Movimenta\u00e7\u00e3o de carga cresce 72% este ano no Porto do Recife"},"content":{"rendered":"<p>O Porto do Recife movimentou 630 mil toneladas de cargas, entre janeiro a abril desse ano. Esse montante representa um crescimento de 72% na movimenta\u00e7\u00e3o se comparado o mesmo per\u00edodo de 2016. O milho e a barrilha continuam sendo os principais produtos respons\u00e1veis por essa alta.<\/p>\n<p>Nos primeiros quatro meses do ano, o ancoradouro teve mais de 364 mil de toneladas dos dois produtos importados. \u201cA melhora na estrutura do Porto do Recife com certeza tem feito com que esses n\u00fameros aumentem. E outro ponto positivo \u00e9 a uma quest\u00e3o log\u00edstica, pois o Porto \u00e9 pr\u00f3ximo de alguma sa\u00eddas de Estado, que ajudam bastante na hora de escoar os produtos\u201d, afirmou o diretor Comercial e de Opera\u00e7\u00f5es do Porto, Marco Dubeux.<\/p>\n<p>O milho foi o produto que elevou o n\u00famero de importa\u00e7\u00f5es no Porto. &#8220;O gr\u00e3o importado da argentina, que atualmente abastece a avicultura e a ind\u00fastria aliment\u00edcia do Nordeste, foi sem d\u00favida o item que alavancou nossas opera\u00e7\u00f5es&#8221;, comentou.<\/p>\n<p>Outro produto que teve uma eleva\u00e7\u00e3o foi o a\u00e7\u00facar. De janeiro a abril deste ano, a exporta\u00e7\u00e3o de a\u00e7\u00facar foi 143% maior na compara\u00e7\u00e3o com o mesmo per\u00edodo do ano passado. Foram 100 mil toneladas exportadas contra 41 mil toneladas no mesmo per\u00edodo de 2016.<\/p>\n<p>Fonte: Folha PE<\/p>\n<div class=\"jwDisqusForm\"><\/div>\n","protected":false},"excerpt":{"rendered":"<p>O Porto do Recife movimentou 630 mil toneladas de cargas, entre janeiro a abril desse ano. Esse montante representa um crescimento de 72% na movimenta\u00e7\u00e3o&#8230;<\/p>\n","protected":false},"author":1182,"featured_media":6769,"comment_status":"closed","ping_status":"closed","sticky":false,"template":"","format":"standard","meta":{"footnotes":""},"categories":[6],"tags":[],"class_list":["post-23644","post","type-post","status-publish","format-standard","has-post-thumbnail","hentry","category-noticias"],"_links":{"self":[{"href":"https:\/\/www.sincomam.org.br\/index.php\/wp-json\/wp\/v2\/posts\/23644","targetHints":{"allow":["GET"]}}],"collection":[{"href":"https:\/\/www.sincomam.org.br\/index.php\/wp-json\/wp\/v2\/posts"}],"about":[{"href":"https:\/\/www.sincomam.org.br\/index.php\/wp-json\/wp\/v2\/types\/post"}],"author":[{"embeddable":true,"href":"https:\/\/www.sincomam.org.br\/index.php\/wp-json\/wp\/v2\/users\/1182"}],"replies":[{"embeddable":true,"href":"https:\/\/www.sincomam.org.br\/index.php\/wp-json\/wp\/v2\/comments?post=23644"}],"version-history":[{"count":1,"href":"https:\/\/www.sincomam.org.br\/index.php\/wp-json\/wp\/v2\/posts\/23644\/revisions"}],"predecessor-version":[{"id":23645,"href":"https:\/\/www.sincomam.org.br\/index.php\/wp-json\/wp\/v2\/posts\/23644\/revisions\/23645"}],"wp:featuredmedia":[{"embeddable":true,"href":"https:\/\/www.sincomam.org.br\/index.php\/wp-json\/wp\/v2\/media\/6769"}],"wp:attachment":[{"href":"https:\/\/www.sincomam.org.br\/index.php\/wp-json\/wp\/v2\/media?parent=23644"}],"wp:term":[{"taxonomy":"category","embeddable":true,"href":"https:\/\/www.sincomam.org.br\/index.php\/wp-json\/wp\/v2\/categories?post=23644"},{"taxonomy":"post_tag","embeddable":true,"href":"https:\/\/www.sincomam.org.br\/index.php\/wp-json\/wp\/v2\/tags?post=23644"}],"curies":[{"name":"wp","href":"https:\/\/api.w.org\/{rel}","templated":true}]}}