{"id":23642,"date":"2017-06-13T12:22:37","date_gmt":"2017-06-13T15:22:37","guid":{"rendered":"http:\/\/sincomam.org.br\/?p=23642"},"modified":"2017-06-13T12:22:37","modified_gmt":"2017-06-13T15:22:37","slug":"formacao-rochosa-rara-em-marica-esta-ameacada-por-construcao-de-terminal-portuario","status":"publish","type":"post","link":"https:\/\/www.sincomam.org.br\/index.php\/formacao-rochosa-rara-em-marica-esta-ameacada-por-construcao-de-terminal-portuario\/","title":{"rendered":"Forma\u00e7\u00e3o rochosa rara em Maric\u00e1 est\u00e1 amea\u00e7ada por constru\u00e7\u00e3o de terminal portu\u00e1rio"},"content":{"rendered":"<p>Quando o naturalista ingl\u00eas Charles Darwin passou pela praia de Jacon\u00e9, em Maric\u00e1, na regi\u00e3o dos lagos fluminense, em 1832, ele percebeu que ali tinha uma forma\u00e7\u00e3o rochosa diferente. A ge\u00f3loga e perita do Minist\u00e9rio P\u00fablico do Estado do Rio Adriana Lima conta por que as pedras mereceram a aten\u00e7\u00e3o de Darwin.<\/p>\n<p>Os beachrocks, como s\u00e3o conhecidos, s\u00e3o especiais porque conseguem registrar em suas camadas a varia\u00e7\u00e3o da mar\u00e9, caracter\u00edstica que as fazem ser estudadas por diversos pesquisadores. Diferente de outras localidades, na praia de Jacon\u00e9, elas n\u00e3o est\u00e3o apenas submersas, mas tamb\u00e9m na areia.<\/p>\n<p>Essa forma\u00e7\u00e3o est\u00e1 hoje amea\u00e7ada pela constru\u00e7\u00e3o do Terminal Portu\u00e1rio de Ponta Negra, uma obra da empresa DTA engenharia, apoiada pelo governo do estado e pela prefeitura de Maric\u00e1.<\/p>\n<p>O empreendimento, no entanto, v\u00eam encontrando outras pedras no caminho, como a resist\u00eancia da comunidade, de pesquisadores e do Minist\u00e9rio P\u00fablico, que conseguiu na Justi\u00e7a uma liminar que impede qualquer a\u00e7\u00e3o que descaracterize total ou parcialmente o patrim\u00f4nio cultural e arqueol\u00f3gico da regi\u00e3o.<\/p>\n<p>O coordenador do Grupo de Atua\u00e7\u00e3o Especializada em Meio Ambiente do Minist\u00e9rio P\u00fablico do Estado do Rio, promotor Marcus Leal, explica que desde 2003 a \u00e1rea vem sendo objeto de pedidos de tombamento por diversos \u00f3rg\u00e3os p\u00fablicos. Ele destaca que n\u00e3o h\u00e1 nenhuma garantia de que o empreendimento traga benef\u00edcios sociais e econ\u00f4micos para o local.<\/p>\n<p>A fam\u00edlia da secret\u00e1ria Izabela Silva vive no local h\u00e1 mais de 50 anos. Durante o lan\u00e7amento de um document\u00e1rio sobre os beachrocks, produzido pelo Minist\u00e9rio P\u00fablico, ela relatou a press\u00e3o que os moradores t\u00eam enfrentado para vender suas resid\u00eancias.<\/p>\n<p>A amea\u00e7a mencionada por Izabela \u00e9 de isolamento das casas e fechamento do acesso dos moradores \u00e0 praia. O Minist\u00e9rio P\u00fablico pretende reverter tamb\u00e9m a licen\u00e7a pr\u00e9via do empreendimento j\u00e1 concedida pelo Instituto Estadual do Ambiente, o Inea.<\/p>\n<p>A prefeitura de Maric\u00e1 tamb\u00e9m foi questionada pelo \u00f3rg\u00e3o por ter modificado o plano diretor do munic\u00edpio de forma a transformar a regi\u00e3o em uma zona especial de interesse econ\u00f4mico sem discuss\u00e3o com a comunidade.<\/p>\n<p>Em nota, a prefeitura de Maric\u00e1 respondeu que a alega\u00e7\u00e3o do MP \u00e9 improcedente e contra todas as evid\u00eancias apresentadas pelo \u00f3rg\u00e3o afirma que considera que o terminal \u00e9 uma alternativa econ\u00f4mica de desenvolvimento sustent\u00e1vel. A Secretaria Estadual do Ambiente e a empresa DTA engenharia tamb\u00e9m foram procuradas, mas n\u00e3o responderam at\u00e9 o fechamento desta reportagem.<\/p>\n<p>Fonte: Ag\u00eancia Brasil<\/p>\n<div><ins><a href=\"https:\/\/revive.portosenavios.com.br\/www\/delivery\/ck.php?oaparams=2__bannerid=201__zoneid=90__cb=4df0a946e5__oadest=https%3A%2F%2Fwww.portosenavios.com.br%2Fsubscribe%2Fgroup%2F2\" target=\"_blank\"><\/a><\/ins><\/div>\n","protected":false},"excerpt":{"rendered":"<p>Quando o naturalista ingl\u00eas Charles Darwin passou pela praia de Jacon\u00e9, em Maric\u00e1, na regi\u00e3o dos lagos fluminense, em 1832, ele percebeu que ali tinha&#8230;<\/p>\n","protected":false},"author":1182,"featured_media":17693,"comment_status":"closed","ping_status":"closed","sticky":false,"template":"","format":"standard","meta":{"footnotes":""},"categories":[6],"tags":[],"class_list":["post-23642","post","type-post","status-publish","format-standard","has-post-thumbnail","hentry","category-noticias"],"_links":{"self":[{"href":"https:\/\/www.sincomam.org.br\/index.php\/wp-json\/wp\/v2\/posts\/23642","targetHints":{"allow":["GET"]}}],"collection":[{"href":"https:\/\/www.sincomam.org.br\/index.php\/wp-json\/wp\/v2\/posts"}],"about":[{"href":"https:\/\/www.sincomam.org.br\/index.php\/wp-json\/wp\/v2\/types\/post"}],"author":[{"embeddable":true,"href":"https:\/\/www.sincomam.org.br\/index.php\/wp-json\/wp\/v2\/users\/1182"}],"replies":[{"embeddable":true,"href":"https:\/\/www.sincomam.org.br\/index.php\/wp-json\/wp\/v2\/comments?post=23642"}],"version-history":[{"count":1,"href":"https:\/\/www.sincomam.org.br\/index.php\/wp-json\/wp\/v2\/posts\/23642\/revisions"}],"predecessor-version":[{"id":23643,"href":"https:\/\/www.sincomam.org.br\/index.php\/wp-json\/wp\/v2\/posts\/23642\/revisions\/23643"}],"wp:featuredmedia":[{"embeddable":true,"href":"https:\/\/www.sincomam.org.br\/index.php\/wp-json\/wp\/v2\/media\/17693"}],"wp:attachment":[{"href":"https:\/\/www.sincomam.org.br\/index.php\/wp-json\/wp\/v2\/media?parent=23642"}],"wp:term":[{"taxonomy":"category","embeddable":true,"href":"https:\/\/www.sincomam.org.br\/index.php\/wp-json\/wp\/v2\/categories?post=23642"},{"taxonomy":"post_tag","embeddable":true,"href":"https:\/\/www.sincomam.org.br\/index.php\/wp-json\/wp\/v2\/tags?post=23642"}],"curies":[{"name":"wp","href":"https:\/\/api.w.org\/{rel}","templated":true}]}}