{"id":23627,"date":"2017-06-12T00:23:59","date_gmt":"2017-06-12T03:23:59","guid":{"rendered":"http:\/\/www.sincomam.org.br\/?p=23627"},"modified":"2017-06-09T08:24:59","modified_gmt":"2017-06-09T11:24:59","slug":"capacidade-de-armazenagem-de-alimentos-cresce-09","status":"publish","type":"post","link":"https:\/\/www.sincomam.org.br\/index.php\/capacidade-de-armazenagem-de-alimentos-cresce-09\/","title":{"rendered":"Capacidade de armazenagem de alimentos cresce 0,9%"},"content":{"rendered":"<p>Em 31 de dezembro de 2016, o maior estoque nas unidades armazenadoras era de milho em gr\u00e3o (8,4 milh\u00f5es de toneladas). ( Foto: Hon\u00f3rio Barbosa )<\/p>\n<p>O Brasil fechou o segundo semestre de 2016 com uma capacidade de armazenagem agr\u00edcola de 168 milh\u00f5es de toneladas. Com isso, a capacidade de guardar esses alimentos cresceu 0,9% em rela\u00e7\u00e3o ao primeiro semestre do ano, segundo dados divulgados esta quinta (8), pelo Instituto Brasileiro de Geografia e Estat\u00edstica (IBGE).<\/p>\n<p>Os principais locais de estocagem de itens agr\u00edcolas foram os silos, que alcan\u00e7aram a capacidade de armazenamento de 77,3 milh\u00f5es de toneladas, 3,2% a mais do que no primeiro semestre. J\u00e1 os armaz\u00e9ns graneleiros atingiram 64,3 milh\u00f5es de toneladas, 0,2% a mais do que no semestre anterior.<\/p>\n<p>Os armaz\u00e9ns convencionais, estruturais e infl\u00e1veis somaram 26,5 milh\u00f5es de toneladas, o que representou queda de 3,6% em rela\u00e7\u00e3o ao primeiro semestre de 2016.<\/p>\n<p>Em rela\u00e7\u00e3o ao n\u00famero de estabelecimentos ativos, houve um leve acr\u00e9scimo de 0,1%, ao passar de 7.818 no primeiro semestre para 7.829 no segundo semestre.<\/p>\n<p>Produtos<\/p>\n<p>Em 31 de dezembro de 2016, o maior estoque nas unidades armazenadoras era de milho em gr\u00e3o (8,4 milh\u00f5es de toneladas), o que, apesar disso, teve uma queda de 16,7% no volume estocado em compara\u00e7\u00e3o \u00e0 mesma data no ano anterior, por conta da queda na produ\u00e7\u00e3o da segunda safra do produto.<\/p>\n<p>A estocagem de soja em gr\u00e3o cresceu 97,4% no per\u00edodo, chegando a 6,3 milh\u00f5es de toneladas. O trigo em gr\u00e3o apresentou um acr\u00e9scimo de 20,8% nos estoques, enquanto o caf\u00e9 teve alta de 17%.<\/p>\n<p>Fonte: Di\u00e1rio do Nordeste<\/p>\n","protected":false},"excerpt":{"rendered":"<p>Em 31 de dezembro de 2016, o maior estoque nas unidades armazenadoras era de milho em gr\u00e3o (8,4 milh\u00f5es de toneladas). ( Foto: Hon\u00f3rio Barbosa&#8230;<\/p>\n","protected":false},"author":1182,"featured_media":18953,"comment_status":"closed","ping_status":"closed","sticky":false,"template":"","format":"standard","meta":{"footnotes":""},"categories":[6],"tags":[],"class_list":["post-23627","post","type-post","status-publish","format-standard","has-post-thumbnail","hentry","category-noticias"],"_links":{"self":[{"href":"https:\/\/www.sincomam.org.br\/index.php\/wp-json\/wp\/v2\/posts\/23627","targetHints":{"allow":["GET"]}}],"collection":[{"href":"https:\/\/www.sincomam.org.br\/index.php\/wp-json\/wp\/v2\/posts"}],"about":[{"href":"https:\/\/www.sincomam.org.br\/index.php\/wp-json\/wp\/v2\/types\/post"}],"author":[{"embeddable":true,"href":"https:\/\/www.sincomam.org.br\/index.php\/wp-json\/wp\/v2\/users\/1182"}],"replies":[{"embeddable":true,"href":"https:\/\/www.sincomam.org.br\/index.php\/wp-json\/wp\/v2\/comments?post=23627"}],"version-history":[{"count":1,"href":"https:\/\/www.sincomam.org.br\/index.php\/wp-json\/wp\/v2\/posts\/23627\/revisions"}],"predecessor-version":[{"id":23628,"href":"https:\/\/www.sincomam.org.br\/index.php\/wp-json\/wp\/v2\/posts\/23627\/revisions\/23628"}],"wp:featuredmedia":[{"embeddable":true,"href":"https:\/\/www.sincomam.org.br\/index.php\/wp-json\/wp\/v2\/media\/18953"}],"wp:attachment":[{"href":"https:\/\/www.sincomam.org.br\/index.php\/wp-json\/wp\/v2\/media?parent=23627"}],"wp:term":[{"taxonomy":"category","embeddable":true,"href":"https:\/\/www.sincomam.org.br\/index.php\/wp-json\/wp\/v2\/categories?post=23627"},{"taxonomy":"post_tag","embeddable":true,"href":"https:\/\/www.sincomam.org.br\/index.php\/wp-json\/wp\/v2\/tags?post=23627"}],"curies":[{"name":"wp","href":"https:\/\/api.w.org\/{rel}","templated":true}]}}