{"id":23611,"date":"2017-06-08T00:14:03","date_gmt":"2017-06-08T03:14:03","guid":{"rendered":"http:\/\/www.sincomam.org.br\/?p=23611"},"modified":"2017-06-05T08:16:54","modified_gmt":"2017-06-05T11:16:54","slug":"por-que-ainda-nao-da-para-garantir-que-o-brasil-saiu-da-recessao","status":"publish","type":"post","link":"https:\/\/www.sincomam.org.br\/index.php\/por-que-ainda-nao-da-para-garantir-que-o-brasil-saiu-da-recessao\/","title":{"rendered":"Por que ainda n\u00e3o d\u00e1 para garantir que o Brasil saiu da recess\u00e3o"},"content":{"rendered":"<p>\u201cHoje \u00e9 um dia hist\u00f3rico. Depois de dois anos, o Brasil saiu da pior recess\u00e3o\u00a0do s\u00e9culo\u201d.<\/p>\n<p>\u00c9 o que diz a nota de Henrique Meirelles, ministro da Fazenda, sobre o PIB do primeiro trimestre de 2017.<\/p>\n<p>A economia brasileira\u00a0cresceu 1% no 1\u00ba tri em rela\u00e7\u00e3o ao 4\u00ba tri de 2016, encerrando uma s\u00e9rie de dois anos com resultados negativos.<\/p>\n<p>O n\u00famero veio na linha do esperado pelo mercado e foi puxado pelo desempenho excepcional da agropecu\u00e1ria, que cresceu 13,4% em rela\u00e7\u00e3o ao tri anterior e 15,2% em rela\u00e7\u00e3o ao mesmo per\u00edodo de 2016.<\/p>\n<p>\u201cSem agropecu\u00e1ria, o PIB\u00a0ficaria estagnado. Todo o crescimento de fato veio da\u00ed. Essa recess\u00e3o \u00e9 diferente das outras porque houve muita expans\u00e3o do cr\u00e9dito e n\u00e3o tem nada que puxe a demanda\u201d, diz Silvia Matos, coordenadora de boletim macroecon\u00f4mico do IBRE\/FGV.<\/p>\n<p>Os componentes de demanda interna ainda est\u00e3o em queda, incluindo o consumo das fam\u00edlias \u2013 que \u00e9 o mais importante e caiu pela nona vez seguida, embora tenha tido o melhor desempenho nessa base de compara\u00e7\u00e3o desde o 4\u00ba trimestre de 2014.<\/p>\n<p>A taxa de investimento como propor\u00e7\u00e3o da economia caiu mais de um ponto percentual em um ano: foi de 16,8% no primeiro trimestre de 2016 para 15,6% no primeiro trimestre de 2017.<\/p>\n<p>J\u00e1 entre os setores, o mais importante (Servi\u00e7os) ficou estagnado enquanto a Ind\u00fastria subiu 0,9%.<\/p>\n<p>\u201cEstamos sim em uma trajet\u00f3ria de recupera\u00e7\u00e3o, com algumas dificuldades, mas sa\u00edmos do fundo do po\u00e7o.\u00a0A quest\u00e3o do ciclo \u00e9 importante, ele tem uma din\u00e2mica pr\u00f3pria e est\u00e1 em uma fase ascendente. O ajuste de estoques est\u00e1 encerrado\u201d, diz Chico Pessoa, economista da LCA Consultores.<\/p>\n<p>Uma recess\u00e3o \u201ct\u00e9cnica\u201d se configura quando o PIB cai por\u00a0dois trimestres seguidos, mas n\u00e3o h\u00e1 crit\u00e9rio similar para cravar o fim de uma recess\u00e3o. No nosso caso, \u00e9 dif\u00edcil dar a crise econ\u00f4mica por encerrada.<\/p>\n<p>Silvia compara a recupera\u00e7\u00e3o com um \u201celetrocardiograma\u201d e diz que o pa\u00eds saiu de uma recess\u00e3o severa para uma estagna\u00e7\u00e3o: \u201c\u00e9 que nem regime, perder \u00e9 mais f\u00e1cil do que manter\u201d.<\/p>\n<p>O segundo trimestre ter\u00e1 v\u00e1rios ventos contra e pode ter resultado negativo. A agropecu\u00e1ria n\u00e3o vai escapar de um ajuste e a expectativa \u00e9 que os n\u00fameros da ind\u00fastria em abril, que ser\u00e3o divulgados amanh\u00e3 (2), tenham sido fracos.<\/p>\n<p>\u201cEstamos naquela fase de alternar n\u00fameros positivos e negativos e esse j\u00e1 \u00e9, infelizmente, velho e atrasado e n\u00e3o diz muito por causa da bomba pol\u00edtica de maio. Pode ficar forte a discuss\u00e3o de talvez voltarmos a uma recess\u00e3o, ainda que n\u00e3o na intensidade que tivemos\u201d, diz S\u00e9rgio Vale, economista-chefe da MB Associados.<\/p>\n<p>A crise pol\u00edtica disparada pela dela\u00e7\u00e3o de executivos da JBS envolvendo o presidente Michel Temer traz turbul\u00eancia aos mercados e afeta a confian\u00e7a de investidores e consumidores.<\/p>\n<p>Isso j\u00e1 foi verificado em pelo menos uma pesquisa\u00a0da Federa\u00e7\u00e3o do Com\u00e9rcio de Bens, Servi\u00e7os e Turismo do\u00a0Estado de S\u00e3o Paulo\u00a0(FecomercioSP).<\/p>\n<p>Al\u00e9m disso, o enfraquecimento da base do governo reduziu muito a chance de aprova\u00e7\u00e3o de reformas estruturais, com foco na Previd\u00eancia, considerada essencial para a sustentabilidade das contas p\u00fablicas.<\/p>\n<p>\u201cO consumo privado caiu 9,7% desde o final de 2014 enquanto o consumo p\u00fablico caiu meros 2,4% no mesmo per\u00edodo de 2 anos. Isso mostra que o fardo do ajuste macroecon\u00f4mico em curso continua caindo desproporcionalmente sobre o setor privado\u201d, diz a nota de Alberto Ramos, chefe de pesquisa econ\u00f4mica de Am\u00e9rica Latina no Goldman Sachs.<\/p>\n<p>Na noite de ontem, o Copom decidiu por um novo corte de 1 ponto percentual nos juros, mas sinalizou que o ritmo deve ser reduzido nas pr\u00f3ximas reuni\u00f5es.<\/p>\n<p>A queda da infla\u00e7\u00e3o e o afrouxamento da pol\u00edtica monet\u00e1ria, ter\u00e3o agora menos for\u00e7a do que antes para acelerar a recupera\u00e7\u00e3o.<\/p>\n<p>No Twitter, o presidente Michel Temer disse\u00a0que os n\u00fameros s\u00e3o \u201cresultado das medidas que estamos tomando\u201d e que \u201ccom as reformas, vai crescer mais ainda\u201d.<\/p>\n<p>Segundo Vale, \u201co\u00a0governo at\u00e9 agora conseguiu fazer muita coisa que nem se imaginava,\u00a0um conjunto que vai ter seu impacto positivo nos pr\u00f3ximos anos.\u201d<\/p>\n<p>No entanto, um caminho de crescimento mais sustent\u00e1vel e vigoroso depende da solu\u00e7\u00e3o da crise pol\u00edtica e a continuidade de um cen\u00e1rio reformista ap\u00f3s as elei\u00e7\u00f5es de 2018: \u201cinfelizmente, est\u00e1 de novo nas m\u00e3os de Brasilia\u201d.<\/p>\n<p>E o que n\u00e3o falta \u00e9 ch\u00e3o para recuperar. Rebeca Palis, coordenadora de Contas Nacionais do IBGE, aponta que se antes do crescimento, o PIB estava no patamar do in\u00edcio de 2010, agora est\u00e1 no patamar do fim de 2010.<\/p>\n<p>Fonte: Exame<\/p>\n","protected":false},"excerpt":{"rendered":"<p>\u201cHoje \u00e9 um dia hist\u00f3rico. Depois de dois anos, o Brasil saiu da pior recess\u00e3o\u00a0do s\u00e9culo\u201d. \u00c9 o que diz a nota de Henrique Meirelles,&#8230;<\/p>\n","protected":false},"author":1182,"featured_media":18439,"comment_status":"closed","ping_status":"closed","sticky":false,"template":"","format":"standard","meta":{"footnotes":""},"categories":[6],"tags":[],"class_list":["post-23611","post","type-post","status-publish","format-standard","has-post-thumbnail","hentry","category-noticias"],"_links":{"self":[{"href":"https:\/\/www.sincomam.org.br\/index.php\/wp-json\/wp\/v2\/posts\/23611","targetHints":{"allow":["GET"]}}],"collection":[{"href":"https:\/\/www.sincomam.org.br\/index.php\/wp-json\/wp\/v2\/posts"}],"about":[{"href":"https:\/\/www.sincomam.org.br\/index.php\/wp-json\/wp\/v2\/types\/post"}],"author":[{"embeddable":true,"href":"https:\/\/www.sincomam.org.br\/index.php\/wp-json\/wp\/v2\/users\/1182"}],"replies":[{"embeddable":true,"href":"https:\/\/www.sincomam.org.br\/index.php\/wp-json\/wp\/v2\/comments?post=23611"}],"version-history":[{"count":1,"href":"https:\/\/www.sincomam.org.br\/index.php\/wp-json\/wp\/v2\/posts\/23611\/revisions"}],"predecessor-version":[{"id":23612,"href":"https:\/\/www.sincomam.org.br\/index.php\/wp-json\/wp\/v2\/posts\/23611\/revisions\/23612"}],"wp:featuredmedia":[{"embeddable":true,"href":"https:\/\/www.sincomam.org.br\/index.php\/wp-json\/wp\/v2\/media\/18439"}],"wp:attachment":[{"href":"https:\/\/www.sincomam.org.br\/index.php\/wp-json\/wp\/v2\/media?parent=23611"}],"wp:term":[{"taxonomy":"category","embeddable":true,"href":"https:\/\/www.sincomam.org.br\/index.php\/wp-json\/wp\/v2\/categories?post=23611"},{"taxonomy":"post_tag","embeddable":true,"href":"https:\/\/www.sincomam.org.br\/index.php\/wp-json\/wp\/v2\/tags?post=23611"}],"curies":[{"name":"wp","href":"https:\/\/api.w.org\/{rel}","templated":true}]}}