{"id":23593,"date":"2017-06-07T00:00:36","date_gmt":"2017-06-07T03:00:36","guid":{"rendered":"http:\/\/www.sincomam.org.br\/?p=23593"},"modified":"2017-06-05T08:01:43","modified_gmt":"2017-06-05T11:01:43","slug":"acionistas-da-exxon-pedem-analise-climatica","status":"publish","type":"post","link":"https:\/\/www.sincomam.org.br\/index.php\/acionistas-da-exxon-pedem-analise-climatica\/","title":{"rendered":"Acionistas da Exxon pedem an\u00e1lise clim\u00e1tica"},"content":{"rendered":"<p>Os acionistas da gigante Exxon Mobil pediram ontem \u00e0 petroleira para que divulgue uma an\u00e1lise anual detalhada sobre o impacto que as pol\u00edticas de mudan\u00e7a clim\u00e1tica ter\u00e3o sobre seu neg\u00f3cio &#8211; valor dos campos de petr\u00f3leo, refinarias e rede de dutos.<\/p>\n<p>Apesar da oposi\u00e7\u00e3o da dire\u00e7\u00e3o da empresa, a medida foi aprovada por investidores que det\u00eam 62% das a\u00e7\u00f5es da Exxon. A vota\u00e7\u00e3o foi uma mudan\u00e7a no apoio \u00e0 quest\u00e3o dos riscos clim\u00e1ticos por parte de grandes gestores de ativos. A BlackRock, segunda maior acionista da Exxon, apoiou a proposta sobre clima pela primeira vez neste ano, segundo uma fonte. Em maio de 2016, uma proposta similar recebeu apenas 38% de apoio.<\/p>\n<p>A vota\u00e7\u00e3o foi uma &#8220;vit\u00f3ria sem precedentes para os investidores na luta para garantir uma transi\u00e7\u00e3o suave para uma economia de baixo carbono&#8221;, disse o auditor fiscal do Estado de Nova York, Thomas P. DiNapoli, que representa o fundo de pens\u00e3o estadual. &#8220;A mudan\u00e7a clim\u00e1tica \u00e9 um dos maiores riscos no longo prazo que enfrentamos em nossa carteira e tem impacto direto no neg\u00f3cio principal da Exxon Mobil&#8221;.<\/p>\n<p>A decis\u00e3o n\u00e3o \u00e9 obrigat\u00f3ria, mas o executivo-chefe da Exxon, Darren Woods, que assumiu em janeiro, disse que o conselho de diretores vai considerar a vota\u00e7\u00e3o &#8220;seriamente&#8221;. &#8220;Vamos responder a isso.&#8221;<\/p>\n<p>Woods disse que continua comprometido com os objetivos e m\u00e9todos do Acordo de Paris. Ele observou que, mesmo com o pacto, a demanda por petr\u00f3leo continuar\u00e1 a crescer nas pr\u00f3ximas d\u00e9cadas, em particular nas regi\u00f5es menos desenvolvidas do planeta.<\/p>\n<p>Fonte: Valor<\/p>\n","protected":false},"excerpt":{"rendered":"<p>Os acionistas da gigante Exxon Mobil pediram ontem \u00e0 petroleira para que divulgue uma an\u00e1lise anual detalhada sobre o impacto que as pol\u00edticas de mudan\u00e7a&#8230;<\/p>\n","protected":false},"author":1182,"featured_media":20292,"comment_status":"closed","ping_status":"closed","sticky":false,"template":"","format":"standard","meta":{"footnotes":""},"categories":[6],"tags":[],"class_list":["post-23593","post","type-post","status-publish","format-standard","has-post-thumbnail","hentry","category-noticias"],"_links":{"self":[{"href":"https:\/\/www.sincomam.org.br\/index.php\/wp-json\/wp\/v2\/posts\/23593","targetHints":{"allow":["GET"]}}],"collection":[{"href":"https:\/\/www.sincomam.org.br\/index.php\/wp-json\/wp\/v2\/posts"}],"about":[{"href":"https:\/\/www.sincomam.org.br\/index.php\/wp-json\/wp\/v2\/types\/post"}],"author":[{"embeddable":true,"href":"https:\/\/www.sincomam.org.br\/index.php\/wp-json\/wp\/v2\/users\/1182"}],"replies":[{"embeddable":true,"href":"https:\/\/www.sincomam.org.br\/index.php\/wp-json\/wp\/v2\/comments?post=23593"}],"version-history":[{"count":1,"href":"https:\/\/www.sincomam.org.br\/index.php\/wp-json\/wp\/v2\/posts\/23593\/revisions"}],"predecessor-version":[{"id":23594,"href":"https:\/\/www.sincomam.org.br\/index.php\/wp-json\/wp\/v2\/posts\/23593\/revisions\/23594"}],"wp:featuredmedia":[{"embeddable":true,"href":"https:\/\/www.sincomam.org.br\/index.php\/wp-json\/wp\/v2\/media\/20292"}],"wp:attachment":[{"href":"https:\/\/www.sincomam.org.br\/index.php\/wp-json\/wp\/v2\/media?parent=23593"}],"wp:term":[{"taxonomy":"category","embeddable":true,"href":"https:\/\/www.sincomam.org.br\/index.php\/wp-json\/wp\/v2\/categories?post=23593"},{"taxonomy":"post_tag","embeddable":true,"href":"https:\/\/www.sincomam.org.br\/index.php\/wp-json\/wp\/v2\/tags?post=23593"}],"curies":[{"name":"wp","href":"https:\/\/api.w.org\/{rel}","templated":true}]}}