{"id":23591,"date":"2017-06-07T00:58:53","date_gmt":"2017-06-07T03:58:53","guid":{"rendered":"http:\/\/www.sincomam.org.br\/?p=23591"},"modified":"2017-06-05T08:00:24","modified_gmt":"2017-06-05T11:00:24","slug":"petrobras-diz-ter-um-interessado-em-adquirir-pasadena","status":"publish","type":"post","link":"https:\/\/www.sincomam.org.br\/index.php\/petrobras-diz-ter-um-interessado-em-adquirir-pasadena\/","title":{"rendered":"Petrobras diz ter um interessado em adquirir Pasadena"},"content":{"rendered":"<p>O presidente da Petrobras, Pedro Parente, disse ter recebido um e-mail de um interessado na aquisi\u00e7\u00e3o da refinaria de Pasadena, nos Estados Unidos.<\/p>\n<p>\u201cMas temos que fazer o processo completo, inclusive com divulga\u00e7\u00e3o para que outros tamb\u00e9m possam manifestar interesse\u201d, disse, referindo-se \u00e0s novas regras que a estatal est\u00e1 sendo obrigada a seguir no processo de desinvestimentos.<\/p>\n<p>Segundo Parente, os procedimentos para a venda da refinaria ainda s\u00e3o iniciais.<\/p>\n<p>O presidente da Petrobras, Pedro Parente, disse ter recebido um e-mail de um interessado na aquisi\u00e7\u00e3o da refinaria de Pasadena, nos Estados Unidos.<\/p>\n<p>\u201cMas temos que fazer o processo completo, inclusive com divulga\u00e7\u00e3o para que outros tamb\u00e9m possam manifestar interesse\u201d, disse, referindo-se \u00e0s novas regras que a estatal est\u00e1 sendo obrigada a seguir no processo de desinvestimentos. Segundo Parente, os procedimentos para a venda da refinaria ainda s\u00e3o iniciais.<\/p>\n<p><strong>Crise<\/strong><\/p>\n<p>A Petrobras n\u00e3o vai parar a reestrutura\u00e7\u00e3o que est\u00e1 fazendo por \u201cquest\u00f5es externas\u201d, disse Parente. \u201cN\u00e3o temos o direito de parar o que estamos fazendo por quest\u00f5es externas\u201d, disse, se referindo ao cen\u00e1rio pol\u00edtico atual.<\/p>\n<p>Segundo o executivo, seu compromisso continua sendo de permanecer no comando da estatal at\u00e9 abril de 2019, quando termina seu mandato. \u201cN\u00e3o podemos perder o foco. Precisamos deixar a crise fora da empresa\u201d, disse ele.<\/p>\n<p>Segundo ele, enquanto o presidente Michel Temer permitir que ele tenha autonomia no comando da Petrobras, \u201cvamos continuar trabalhando, pensando na empresa, e em equacionar nosso problema\u201d.<\/p>\n<p>Fonte: Valor<\/p>\n","protected":false},"excerpt":{"rendered":"<p>O presidente da Petrobras, Pedro Parente, disse ter recebido um e-mail de um interessado na aquisi\u00e7\u00e3o da refinaria de Pasadena, nos Estados Unidos. \u201cMas temos&#8230;<\/p>\n","protected":false},"author":1182,"featured_media":17800,"comment_status":"closed","ping_status":"closed","sticky":false,"template":"","format":"standard","meta":{"footnotes":""},"categories":[6],"tags":[],"class_list":["post-23591","post","type-post","status-publish","format-standard","has-post-thumbnail","hentry","category-noticias"],"_links":{"self":[{"href":"https:\/\/www.sincomam.org.br\/index.php\/wp-json\/wp\/v2\/posts\/23591","targetHints":{"allow":["GET"]}}],"collection":[{"href":"https:\/\/www.sincomam.org.br\/index.php\/wp-json\/wp\/v2\/posts"}],"about":[{"href":"https:\/\/www.sincomam.org.br\/index.php\/wp-json\/wp\/v2\/types\/post"}],"author":[{"embeddable":true,"href":"https:\/\/www.sincomam.org.br\/index.php\/wp-json\/wp\/v2\/users\/1182"}],"replies":[{"embeddable":true,"href":"https:\/\/www.sincomam.org.br\/index.php\/wp-json\/wp\/v2\/comments?post=23591"}],"version-history":[{"count":1,"href":"https:\/\/www.sincomam.org.br\/index.php\/wp-json\/wp\/v2\/posts\/23591\/revisions"}],"predecessor-version":[{"id":23592,"href":"https:\/\/www.sincomam.org.br\/index.php\/wp-json\/wp\/v2\/posts\/23591\/revisions\/23592"}],"wp:featuredmedia":[{"embeddable":true,"href":"https:\/\/www.sincomam.org.br\/index.php\/wp-json\/wp\/v2\/media\/17800"}],"wp:attachment":[{"href":"https:\/\/www.sincomam.org.br\/index.php\/wp-json\/wp\/v2\/media?parent=23591"}],"wp:term":[{"taxonomy":"category","embeddable":true,"href":"https:\/\/www.sincomam.org.br\/index.php\/wp-json\/wp\/v2\/categories?post=23591"},{"taxonomy":"post_tag","embeddable":true,"href":"https:\/\/www.sincomam.org.br\/index.php\/wp-json\/wp\/v2\/tags?post=23591"}],"curies":[{"name":"wp","href":"https:\/\/api.w.org\/{rel}","templated":true}]}}