{"id":23583,"date":"2017-06-06T00:01:52","date_gmt":"2017-06-06T03:01:52","guid":{"rendered":"http:\/\/www.sincomam.org.br\/?p=23583"},"modified":"2017-06-05T07:54:39","modified_gmt":"2017-06-05T10:54:39","slug":"ainda-e-cedo-para-falar-em-fim-da-recessao","status":"publish","type":"post","link":"https:\/\/www.sincomam.org.br\/index.php\/ainda-e-cedo-para-falar-em-fim-da-recessao\/","title":{"rendered":"Ainda \u00e9 cedo para falar em fim da recess\u00e3o"},"content":{"rendered":"<p>Para a coordenadora de Contas Nacionais do Instituto Brasileiro de Geografia e Estat\u00edstica (IBGE), Rebeca Palis, \u00e9 preciso &#8220;esperar para ver o que vai acontecer neste ano ainda&#8221; antes de afirmar que a recess\u00e3o ficou para tr\u00e1s.<\/p>\n<p>&#8220;Tivemos um crescimento no primeiro trimestre, at\u00e9 expressivo, s\u00f3 que contra uma base reduzida. Tivemos oito trimestres seguidos de queda. Ent\u00e3o vamos ver o que vir\u00e1 a\u00ed para a frente&#8221;, afirmou.<\/p>\n<p>Questionada sobre os efeitos da crise pol\u00edtica nas contas do segundo trimestre e tamb\u00e9m sobre os indicadores antecedentes mais fracos, Rebeca respondeu que &#8220;tudo influencia&#8221;. Ela destacou ainda os efeitos da agropecu\u00e1ria na economia brasileira, que devem continuar contribuindo no per\u00edodo de abril a junho, principalmente, as culturas de soja e o milho.<\/p>\n<p>No primeiro trimestre, se a economia brasileira fosse exclusivamente agr\u00edcola, o Produto Interno Bruto (PIB) teria crescido 0,8%, comparado a igual per\u00edodo de 2016, em vez de ter ca\u00eddo 0,4%. Contando ainda com a atividade extrativa mineral, a alta alcan\u00e7aria 1%.<\/p>\n<p>O avan\u00e7o de 1,0% do PIB brasileiro no primeiro trimestre de 2017 (ante o quarto trimestre de 2016) n\u00e3o foi decorrente da alta no consumo, foi de ac\u00famulo de estoques, apontou Rebeca Palis.<\/p>\n<p>O avan\u00e7o expressivo no PIB Agropecu\u00e1rio (13,4% no primeiro trimestre de 2017 em rela\u00e7\u00e3o ao quarto trimestre de 2016) e a alta de 0,9% no PIB Industrial (0,9%) n\u00e3o foram acompanhados por crescimentos no Consumo das Fam\u00edlias (-0,1%), Consumo do Governo (-0,6%) e Forma\u00e7\u00e3o Bruta de Capital Fixo (-1,6%).<\/p>\n<p>Embora as exporta\u00e7\u00f5es tenham aumentado 4,8%, n\u00e3o explica sozinho o crescimento do PIB no per\u00edodo, ressaltou Rebeca.<\/p>\n<p>&#8220;Muito do crescimento da agropecu\u00e1ria a gente ainda n\u00e3o absorveu, foi parar na varia\u00e7\u00e3o de estoque. Soja, milho&#8230; At\u00e9 porque o pre\u00e7o de commodities agr\u00edcolas n\u00e3o est\u00e1 t\u00e3o favor\u00e1vel&#8221;, disse a coordenadora do IBGE. &#8220;Eu produzi, qual o destino dele? Tem a quest\u00e3o do pre\u00e7o, mas n\u00e3o tem demanda ainda. Parte da safra est\u00e1 sendo consumido pelas fam\u00edlias, porque os pre\u00e7os n\u00e3o est\u00e3o altos, mas parte est\u00e1 indo para os estoques&#8221;, completou.<\/p>\n<p>Rebeca explicou que a componente Estoque n\u00e3o tem ajuste sazonal, por isso n\u00e3o figura entre os resultados do PIB pela \u00f3tica da demanda. &#8220;Se fosse poss\u00edvel dessazonalizar, estaria bastante positiva&#8221;, contou. &#8220;Estamos com ac\u00famulo de estoques de R$ 22 bilh\u00f5es no primeiro trimestre&#8221;, acrescentou.<\/p>\n<p>No primeiro trimestre, a queda nos investimentos foi puxada pela importa\u00e7\u00e3o de m\u00e1quinas e equipamentos e pela constru\u00e7\u00e3o civil. O consumo das fam\u00edlias manteve-se praticamente est\u00e1vel. No setor externo, houve aumento nas exporta\u00e7\u00f5es de ve\u00edculos automotores, petr\u00f3leo e min\u00e9rio de ferro, com pre\u00e7os mais favor\u00e1veis, apesar da valoriza\u00e7\u00e3o cambial.<\/p>\n<p>O efeito da parada de produ\u00e7\u00e3o provocada pelo acidente de Mariana (MG) saiu da base de compara\u00e7\u00e3o no PIB da ind\u00fastria extrativa e mineral do primeiro trimestre, que cresceu 9,7% ante igual per\u00edodo de 2016 e 1,7% em rela\u00e7\u00e3o ao quarto trimestre do ano passado, informou a coordenadora de Contas Nacionais do IBGE.<\/p>\n<p>Segundo Rebeca, o crescimento da ind\u00fastria extrativa mineral foi puxada tanto pelo setor minerador quanto para o de petr\u00f3leo e g\u00e1s, cujos pre\u00e7os internacionais est\u00e3o favor\u00e1veis para os produtores. Como as compara\u00e7\u00f5es se d\u00e3o com o primeiro trimestre e o quarto trimestre de 2016, a parada brusca da mina da Samarco em Mariana n\u00e3o aparece mais nas estat\u00edsticas.<\/p>\n<p>&#8220;Agora, a gente est\u00e1 comparando s\u00f3 com o per\u00edodo depois do acidente&#8221;, afirmou Rebeca, referindo-se ao rompimento de uma barragem de rejeitos de minera\u00e7\u00e3o da Samarco, no fim de 2015.<\/p>\n<p>J\u00e1 no PIB de servi\u00e7os, chamou aten\u00e7\u00e3o, na compara\u00e7\u00e3o na margem, de um trimestre contra o trimestre imediatamente anterior, o desempenho negativo das atividades de intermedia\u00e7\u00e3o financeira, previd\u00eancia complementar e servi\u00e7os relacionados. A queda de 1,2% no primeiro trimestre em rela\u00e7\u00e3o ao quarto trimestre de 2016 foi a s\u00e9tima seguida.<\/p>\n<p>&#8220;O cr\u00e9dito continua caindo&#8221;, afirmou Rebeca. Al\u00e9m disso, esse rol de atividades inclui os planos de sa\u00fade. A pesquisadora lembrou que a demanda pelos planos est\u00e1 em queda em fun\u00e7\u00e3o das restri\u00e7\u00f5es na renda das fam\u00edlias.<\/p>\n<p>Fonte: JCRS<\/p>\n","protected":false},"excerpt":{"rendered":"<p>Para a coordenadora de Contas Nacionais do Instituto Brasileiro de Geografia e Estat\u00edstica (IBGE), Rebeca Palis, \u00e9 preciso &#8220;esperar para ver o que vai acontecer&#8230;<\/p>\n","protected":false},"author":1182,"featured_media":18713,"comment_status":"closed","ping_status":"closed","sticky":false,"template":"","format":"standard","meta":{"footnotes":""},"categories":[6],"tags":[],"class_list":["post-23583","post","type-post","status-publish","format-standard","has-post-thumbnail","hentry","category-noticias"],"_links":{"self":[{"href":"https:\/\/www.sincomam.org.br\/index.php\/wp-json\/wp\/v2\/posts\/23583","targetHints":{"allow":["GET"]}}],"collection":[{"href":"https:\/\/www.sincomam.org.br\/index.php\/wp-json\/wp\/v2\/posts"}],"about":[{"href":"https:\/\/www.sincomam.org.br\/index.php\/wp-json\/wp\/v2\/types\/post"}],"author":[{"embeddable":true,"href":"https:\/\/www.sincomam.org.br\/index.php\/wp-json\/wp\/v2\/users\/1182"}],"replies":[{"embeddable":true,"href":"https:\/\/www.sincomam.org.br\/index.php\/wp-json\/wp\/v2\/comments?post=23583"}],"version-history":[{"count":1,"href":"https:\/\/www.sincomam.org.br\/index.php\/wp-json\/wp\/v2\/posts\/23583\/revisions"}],"predecessor-version":[{"id":23584,"href":"https:\/\/www.sincomam.org.br\/index.php\/wp-json\/wp\/v2\/posts\/23583\/revisions\/23584"}],"wp:featuredmedia":[{"embeddable":true,"href":"https:\/\/www.sincomam.org.br\/index.php\/wp-json\/wp\/v2\/media\/18713"}],"wp:attachment":[{"href":"https:\/\/www.sincomam.org.br\/index.php\/wp-json\/wp\/v2\/media?parent=23583"}],"wp:term":[{"taxonomy":"category","embeddable":true,"href":"https:\/\/www.sincomam.org.br\/index.php\/wp-json\/wp\/v2\/categories?post=23583"},{"taxonomy":"post_tag","embeddable":true,"href":"https:\/\/www.sincomam.org.br\/index.php\/wp-json\/wp\/v2\/tags?post=23583"}],"curies":[{"name":"wp","href":"https:\/\/api.w.org\/{rel}","templated":true}]}}