{"id":23581,"date":"2017-06-06T00:00:27","date_gmt":"2017-06-06T03:00:27","guid":{"rendered":"http:\/\/www.sincomam.org.br\/?p=23581"},"modified":"2017-06-05T07:52:38","modified_gmt":"2017-06-05T10:52:38","slug":"porto-do-acu-apresenta-plano-de-manejo-da-rppn-caruara-em-sao-joao-da-barra","status":"publish","type":"post","link":"https:\/\/www.sincomam.org.br\/index.php\/porto-do-acu-apresenta-plano-de-manejo-da-rppn-caruara-em-sao-joao-da-barra\/","title":{"rendered":"Porto do A\u00e7u apresenta Plano de Manejo da RPPN Caruara, em S\u00e3o Jo\u00e3o da Barra"},"content":{"rendered":"<p>A Reserva Particular do Patrim\u00f4nio Natural (RPPN) Caruara, criada voluntariamente e mantida pelo Porto do A\u00e7u h\u00e1 quase cinco anos em S\u00e3o Jo\u00e3o da Barra, ter\u00e1 um Plano de Manejo para ordenamento do uso, preserva\u00e7\u00e3o e conserva\u00e7\u00e3o do espa\u00e7o. Depois de realizar o diagn\u00f3stico socioambiental da \u00e1rea de reserva, o Porto do A\u00e7u apresentou uma proposta de gest\u00e3o da unidade para representantes da prefeitura, de \u00f3rg\u00e3os ambientais e da comunidade do entorno do projeto. O estudo foi detalhado pela IPF Solu\u00e7\u00f5es Florestais, empresa contratada para executar o Plano de Manejo. A reuni\u00e3o p\u00fablica aconteceu ontem, no Espa\u00e7o da Ci\u00eancia, no Balne\u00e1rio de Atafona.<\/p>\n<p>O objetivo da medida \u00e9 conciliar a preserva\u00e7\u00e3o e conserva\u00e7\u00e3o do ecossistema de restinga com os diferentes grupos que tem rela\u00e7\u00e3o direta com a unidade, de forma que eles possam coexistir. \u201cN\u00f3s fizemos quest\u00e3o de ouvir cada grupo de interesse, pois a ideia \u00e9 desenvolver o plano de forma participativa e integrada com a comunidade. O projeto vai incluir programas como visita\u00e7\u00e3o p\u00fablica e educa\u00e7\u00e3o ambiental, administra\u00e7\u00e3o, comunica\u00e7\u00e3o, prote\u00e7\u00e3o e fiscaliza\u00e7\u00e3o, al\u00e9m de pesquisa e monitoramento, para que todos possam ter acesso \u00e0 unidade de conserva\u00e7\u00e3o que desenvolvemos com tanto empenho\u201d, explicou Daniel Nascimento, coordenador de Meio Ambiente do Porto do A\u00e7u.<\/p>\n<p>No encontro, foram discutidos diversos temas referentes ao Plano de Manejo, como valida\u00e7\u00e3o do zoneamento e planejamento da RPPN, al\u00e9m do conceito do projeto arquitet\u00f4nico da unidade de conserva\u00e7\u00e3o.<\/p>\n<p>\u201cO debate incluindo as institui\u00e7\u00f5es e a comunidade que usufrui do espa\u00e7o \u00e9 muito positivo. Esta ponte de comunica\u00e7\u00e3o entre o Porto, que det\u00e9m a \u00e1rea, e a popula\u00e7\u00e3o \u00e9 fundamental para que o projeto transcorra de forma eficiente. A nossa premissa \u00e9 aproximar a sociedade deste espa\u00e7o que \u00e9 t\u00e3o rico para o munic\u00edpio, tanto em termos de fauna quanto de flora, e promover variadas atividades dentro do conceito de conserva\u00e7\u00e3o e revitaliza\u00e7\u00e3o deste importante ecossistema\u201d, afirmou Alex Firme, secret\u00e1rio de Meio Ambiente de S\u00e3o Jo\u00e3o da Barra.<\/p>\n<p>Fonte: Portal OZK<\/p>\n","protected":false},"excerpt":{"rendered":"<p>A Reserva Particular do Patrim\u00f4nio Natural (RPPN) Caruara, criada voluntariamente e mantida pelo Porto do A\u00e7u h\u00e1 quase cinco anos em S\u00e3o Jo\u00e3o da Barra,&#8230;<\/p>\n","protected":false},"author":1182,"featured_media":7425,"comment_status":"closed","ping_status":"closed","sticky":false,"template":"","format":"standard","meta":{"footnotes":""},"categories":[6],"tags":[],"class_list":["post-23581","post","type-post","status-publish","format-standard","has-post-thumbnail","hentry","category-noticias"],"_links":{"self":[{"href":"https:\/\/www.sincomam.org.br\/index.php\/wp-json\/wp\/v2\/posts\/23581","targetHints":{"allow":["GET"]}}],"collection":[{"href":"https:\/\/www.sincomam.org.br\/index.php\/wp-json\/wp\/v2\/posts"}],"about":[{"href":"https:\/\/www.sincomam.org.br\/index.php\/wp-json\/wp\/v2\/types\/post"}],"author":[{"embeddable":true,"href":"https:\/\/www.sincomam.org.br\/index.php\/wp-json\/wp\/v2\/users\/1182"}],"replies":[{"embeddable":true,"href":"https:\/\/www.sincomam.org.br\/index.php\/wp-json\/wp\/v2\/comments?post=23581"}],"version-history":[{"count":1,"href":"https:\/\/www.sincomam.org.br\/index.php\/wp-json\/wp\/v2\/posts\/23581\/revisions"}],"predecessor-version":[{"id":23582,"href":"https:\/\/www.sincomam.org.br\/index.php\/wp-json\/wp\/v2\/posts\/23581\/revisions\/23582"}],"wp:featuredmedia":[{"embeddable":true,"href":"https:\/\/www.sincomam.org.br\/index.php\/wp-json\/wp\/v2\/media\/7425"}],"wp:attachment":[{"href":"https:\/\/www.sincomam.org.br\/index.php\/wp-json\/wp\/v2\/media?parent=23581"}],"wp:term":[{"taxonomy":"category","embeddable":true,"href":"https:\/\/www.sincomam.org.br\/index.php\/wp-json\/wp\/v2\/categories?post=23581"},{"taxonomy":"post_tag","embeddable":true,"href":"https:\/\/www.sincomam.org.br\/index.php\/wp-json\/wp\/v2\/tags?post=23581"}],"curies":[{"name":"wp","href":"https:\/\/api.w.org\/{rel}","templated":true}]}}