{"id":23575,"date":"2017-06-06T00:10:02","date_gmt":"2017-06-06T03:10:02","guid":{"rendered":"http:\/\/www.sincomam.org.br\/?p=23575"},"modified":"2017-06-05T07:48:26","modified_gmt":"2017-06-05T10:48:26","slug":"safra-recorde-reanima-a-economia-e-salva-o-pib-do-1o-trimestre","status":"publish","type":"post","link":"https:\/\/www.sincomam.org.br\/index.php\/safra-recorde-reanima-a-economia-e-salva-o-pib-do-1o-trimestre\/","title":{"rendered":"Safra recorde reanima a economia e salva o PIB do 1\u00ba trimestre"},"content":{"rendered":"<p>N\u00e3o fosse a boa surpresa da agropecu\u00e1ria este ano, a economia brasileira teria mais um trimestre de PIB negativo. Nos tr\u00eas primeiros meses de 2017, a safra recorde cumpriu a promessa de tirar a economia de um ciclo de oito trimestres seguidos de queda, enquanto a ind\u00fastria cresceu abaixo do esperado e servi\u00e7os estagnou.<\/p>\n<p>O PIB da agropecu\u00e1ria cresceu 13,4% no primeiro trimestre, o maior crescimento em mais de 20 anos, puxando a alta de 1% no PIB do primeiro trimestre.<\/p>\n<p>O clima ruim que devastou hectares e cortou empregos em 2016 j\u00e1 \u00e9 p\u00e1gina virada na agropecu\u00e1ria. No ano passado, o setor encolheu 6,6%, a maior retra\u00e7\u00e3o dos tr\u00eas setores do PIB, prejudicado pela colheita fraca de cana-de-a\u00e7\u00facar, soja e milho. Juntas, estas culturas somam quase 60% da produ\u00e7\u00e3o agr\u00edcola do pa\u00eds.<\/p>\n<p>Rec\u00e9m-sa\u00edda da crise, a agropecu\u00e1ria \u00e9 agora o carro-chefe da expans\u00e3o da economia, gra\u00e7as \u00e0 colheita excepcional das principais culturas. Segundo o Instituto Brasileiro de Geografia e Estat\u00edstica (IBGE), a safra agr\u00edcola deve crescer 26,2% este ano, para 233,1 milh\u00f5es de toneladas. E quase metade dessa expans\u00e3o \u00e9 soja.<\/p>\n<p>E o bom resultado da agropecu\u00e1ria n\u00e3o deve ficar restrito ao primeiro trimestre. A CNA (Confedera\u00e7\u00e3o da Agricultura e Pecu\u00e1ria do Brasil) estima em 8,5% a alta o PIB do setor em 2017. A consultoria MB Associados calcula um avan\u00e7o de 8% em 2017. \u201cA safra excepcional deve gerar retorno para o resto do ano\u201d, diz o analista de agropecu\u00e1ria da consultoria MB Associados, C\u00e9sar de Castro Alves.<\/p>\n<p><strong>Clima e investimentos<\/strong><\/p>\n<p>Para o presidente da Associa\u00e7\u00e3o Brasileira do Agroneg\u00f3cio (Abag), Luiz Cornacchoni, o setor foi favorecido n\u00e3o s\u00f3 pelas condi\u00e7\u00f5es clim\u00e1ticas, mas tamb\u00e9m pelos investimentos do agricultor, mais otimista com a recupera\u00e7\u00e3o da economia e com a pr\u00f3pria colheita.<\/p>\n<p>\u201cO produtor fez o plantio e acreditou que era momento de fazer melhorias. Houve investimentos em log\u00edstica de armazenamento e aquisi\u00e7\u00e3o de adubos e defensivos\u201d, diz Cornacchoni.<\/p>\n<p>O produtor Erny Parisenti, de 54 anos, que tem uma fazenda em Diamantino, a 209 km de Cuiab\u00e1, usou o lucro das \u00faltimas colheitas para comprar maquin\u00e1rios, terras e tecnologia para as pr\u00f3ximas safras, mesmo com uma colheita que deixou a desejar no ano passado.<\/p>\n<p>\u201cAmpliamos a quantidade de m\u00e1quinas, investimentos em terras e compramos propriedades da vizinhan\u00e7a. T\u00ednhamos uma m\u00e1quina, com pot\u00eancia de 250 cavalos, e compramos uma com [pot\u00eancia] de 300 cavalos. Adquirimos colheitadeiras com m\u00e1quinas mais modernas, ampliamos nossa parte de estocagem, secagem e dobramos a capacidade de estoque\u201d, conta o produtor.<\/p>\n<p>O trabalho na fazenda \u00e9 feito por 80 funcion\u00e1rios. Em geral, o n\u00famero de empregados aumenta durante o per\u00edodo em que se planta e colhe os gr\u00e3os. \u201cSempre contratamos mais pessoas quando plantamos e colhemos. J\u00e1 chegamos a ter 110 funcion\u00e1rios que trabalham por per\u00edodos, entre 45 a 90 dias. Nos \u00faltimos anos aumentamos nosso quadro de funcion\u00e1rios de 50 para 80. Em geral, eles ganham entre R$ 1,5 mil e R$ 10 mil\u201d, frisou Erny.<\/p>\n<p><strong>Emprego no campo volta a crescer<\/strong><\/p>\n<p>N\u00fameros oficiais mostram que o emprego no campo j\u00e1 voltou a crescer. No primeiro trimestre, o pa\u00eds voltou a gerar postos de trabalho na agropecu\u00e1ria, segundo dados do Cadastro Geral de Empregados e Desempregados (Caged). As contrata\u00e7\u00f5es superaram as demiss\u00f5es em 14.091 vagas de janeiro a mar\u00e7o, uma varia\u00e7\u00e3o positiva de 0,92%.<\/p>\n<p>O estado de Goi\u00e1s foi o que mais viu subir o saldo de postos de trabalho no per\u00edodo, com 6.819 vagas criadas, uma varia\u00e7\u00e3o positiva de 7,14%, enquanto Mato Grosso teve um aumento de 4,39%. Nem todas as regi\u00f5es, contudo, foram favorecidas. A regi\u00e3o Nordeste, por exemplo, perdeu 18.662 postos de trabalho.<\/p>\n<p><strong>Safra favorece super\u00e1vit comercial<\/strong><\/p>\n<p>A previs\u00e3o de Andrade, da Barral M Jorge, \u00e9 de que os produtores consigam escoar o grande estoque de gr\u00e3os no mercado externo. \u201cTemos uma capacidade muito deficit\u00e1ria de armazenamento no Brasil. O produtor acaba vendendo logo o que colhe\u201d, diz.<\/p>\n<p>Cornacchoni, da Abag, acredita que a demanda externa n\u00e3o ser\u00e1 problema para a superprodu\u00e7\u00e3o de gr\u00e3os. \u201cO que mais preocupa o setor \u00e9 a precariedade da capacidade log\u00edstica para escoar este volume nos portos, um gargalo que passa por investimentos em infraestrutura\u201d, comenta.<\/p>\n<p>No primeiro trimestre, a balan\u00e7a comercial brasileira acumulou super\u00e1vit de US$ 14,424 bilh\u00f5es, o melhor resultado para o per\u00edodo de toda a s\u00e9rie hist\u00f3rica, iniciada em 1989. O super\u00e1vit \u00e9 resultado de US$ 50,466 bilh\u00f5es em exporta\u00e7\u00f5es e US$ 36,042 bilh\u00f5es em importa\u00e7\u00f5es.<\/p>\n<p>A soja foi o principal produto exportado pelo pa\u00eds no acumulado do ano at\u00e9 abril. O volume cresceu 26,38% no per\u00edodo. Os embarques de a\u00e7\u00facar saltaram 30%, acompanhando o ciclo positivo de outras commodities como o min\u00e9rio de ferro e o petr\u00f3leo bruto. Os embarques de a\u00e7\u00facar bruto saltaram 30%, e o refinado, quase 60%.<\/p>\n<p>As exporta\u00e7\u00f5es contam positivamente para o PIB, enquanto as importa\u00e7\u00f5es s\u00e3o reduzidas das contas nacionais.<\/p>\n<p>Fonte: G1<\/p>\n","protected":false},"excerpt":{"rendered":"<p>N\u00e3o fosse a boa surpresa da agropecu\u00e1ria este ano, a economia brasileira teria mais um trimestre de PIB negativo. Nos tr\u00eas primeiros meses de 2017,&#8230;<\/p>\n","protected":false},"author":1182,"featured_media":18672,"comment_status":"closed","ping_status":"closed","sticky":false,"template":"","format":"standard","meta":{"footnotes":""},"categories":[6],"tags":[],"class_list":["post-23575","post","type-post","status-publish","format-standard","has-post-thumbnail","hentry","category-noticias"],"_links":{"self":[{"href":"https:\/\/www.sincomam.org.br\/index.php\/wp-json\/wp\/v2\/posts\/23575","targetHints":{"allow":["GET"]}}],"collection":[{"href":"https:\/\/www.sincomam.org.br\/index.php\/wp-json\/wp\/v2\/posts"}],"about":[{"href":"https:\/\/www.sincomam.org.br\/index.php\/wp-json\/wp\/v2\/types\/post"}],"author":[{"embeddable":true,"href":"https:\/\/www.sincomam.org.br\/index.php\/wp-json\/wp\/v2\/users\/1182"}],"replies":[{"embeddable":true,"href":"https:\/\/www.sincomam.org.br\/index.php\/wp-json\/wp\/v2\/comments?post=23575"}],"version-history":[{"count":1,"href":"https:\/\/www.sincomam.org.br\/index.php\/wp-json\/wp\/v2\/posts\/23575\/revisions"}],"predecessor-version":[{"id":23576,"href":"https:\/\/www.sincomam.org.br\/index.php\/wp-json\/wp\/v2\/posts\/23575\/revisions\/23576"}],"wp:featuredmedia":[{"embeddable":true,"href":"https:\/\/www.sincomam.org.br\/index.php\/wp-json\/wp\/v2\/media\/18672"}],"wp:attachment":[{"href":"https:\/\/www.sincomam.org.br\/index.php\/wp-json\/wp\/v2\/media?parent=23575"}],"wp:term":[{"taxonomy":"category","embeddable":true,"href":"https:\/\/www.sincomam.org.br\/index.php\/wp-json\/wp\/v2\/categories?post=23575"},{"taxonomy":"post_tag","embeddable":true,"href":"https:\/\/www.sincomam.org.br\/index.php\/wp-json\/wp\/v2\/tags?post=23575"}],"curies":[{"name":"wp","href":"https:\/\/api.w.org\/{rel}","templated":true}]}}