{"id":23569,"date":"2017-06-05T07:44:23","date_gmt":"2017-06-05T10:44:23","guid":{"rendered":"http:\/\/www.sincomam.org.br\/?p=23569"},"modified":"2017-06-05T07:44:23","modified_gmt":"2017-06-05T10:44:23","slug":"petrobras-solicita-inclusao-no-novo-refis","status":"publish","type":"post","link":"https:\/\/www.sincomam.org.br\/index.php\/petrobras-solicita-inclusao-no-novo-refis\/","title":{"rendered":"Petrobras solicita inclus\u00e3o no novo Refis"},"content":{"rendered":"<p>A Petrobras informou em comunicado que solicitou a inclus\u00e3o de d\u00e9bitos tribut\u00e1rios no Programa de Regulariza\u00e7\u00e3o Tribut\u00e1ria (PRT), o novo Refis, institu\u00eddo pela Medida Provis\u00f3ria 766\/2017.<\/p>\n<p>Segundo a companhia, a ades\u00e3o ao programa se dar\u00e1, em sua maioria, por processos na esfera administrativa, com expectativa de perda prov\u00e1vel, relativos a pedidos de compensa\u00e7\u00e3o de tributos federais n\u00e3o homologados, de R$ 1,66 bilh\u00e3o.<\/p>\n<p>Segundo a empresa, o pagamento ser\u00e1 feito 20% em esp\u00e9cie e o restante com cr\u00e9ditos de preju\u00edzo fiscal.<\/p>\n<p>O impacto estimado no resultado l\u00edquido consolidado da Petrobras \u00e9 de R$ 308 milh\u00f5es.<\/p>\n<p>\u201cA avalia\u00e7\u00e3o da companhia considerou que a alternativa de judicializa\u00e7\u00e3o dos processos implicaria em constitui\u00e7\u00e3o de garantias, bem como acr\u00e9scimo do valor do d\u00e9bito ao longo do tempo\u201d, destacou a empresa no comunicado.<\/p>\n<p><strong>Plano Petros<\/strong><\/p>\n<p>Segundo outro comunicado divulgado hoje pela Petrobras,\u00a0a Justi\u00e7a Federal reconheceu\u00a0a dedutibilidade na base de c\u00e1lculo do Imposto de Renda da Pessoa Jur\u00eddica (IRPJ) e da Contribui\u00e7\u00e3o Social sobre o Lucro L\u00edquido (CSLL) das despesas relacionadas \u00e0 repactua\u00e7\u00e3o do Plano Petros. A decis\u00e3o \u00e9 de 1\u00aa inst\u00e2ncia.<\/p>\n<p>Ainda segundo a estatal, a dedu\u00e7\u00e3o reconhecida pela Justi\u00e7a \u00e9 parcial, limitada a 20% do total dos sal\u00e1rios dos empregados e da remunera\u00e7\u00e3o dos dirigentes da companhia.<\/p>\n<p>\u201cA Petrobras apresentou solicita\u00e7\u00e3o de esclarecimentos de alguns aspectos da decis\u00e3o, cabendo ainda recurso \u00e0 inst\u00e2ncia superior, n\u00e3o se tratando, portanto, de decis\u00e3o definitiva\u201d, informou a empresa.<\/p>\n<p>Fonte: Valor<\/p>\n","protected":false},"excerpt":{"rendered":"<p>A Petrobras informou em comunicado que solicitou a inclus\u00e3o de d\u00e9bitos tribut\u00e1rios no Programa de Regulariza\u00e7\u00e3o Tribut\u00e1ria (PRT), o novo Refis, institu\u00eddo pela Medida Provis\u00f3ria&#8230;<\/p>\n","protected":false},"author":1182,"featured_media":18406,"comment_status":"closed","ping_status":"closed","sticky":false,"template":"","format":"standard","meta":{"footnotes":""},"categories":[6],"tags":[],"class_list":["post-23569","post","type-post","status-publish","format-standard","has-post-thumbnail","hentry","category-noticias"],"_links":{"self":[{"href":"https:\/\/www.sincomam.org.br\/index.php\/wp-json\/wp\/v2\/posts\/23569","targetHints":{"allow":["GET"]}}],"collection":[{"href":"https:\/\/www.sincomam.org.br\/index.php\/wp-json\/wp\/v2\/posts"}],"about":[{"href":"https:\/\/www.sincomam.org.br\/index.php\/wp-json\/wp\/v2\/types\/post"}],"author":[{"embeddable":true,"href":"https:\/\/www.sincomam.org.br\/index.php\/wp-json\/wp\/v2\/users\/1182"}],"replies":[{"embeddable":true,"href":"https:\/\/www.sincomam.org.br\/index.php\/wp-json\/wp\/v2\/comments?post=23569"}],"version-history":[{"count":1,"href":"https:\/\/www.sincomam.org.br\/index.php\/wp-json\/wp\/v2\/posts\/23569\/revisions"}],"predecessor-version":[{"id":23570,"href":"https:\/\/www.sincomam.org.br\/index.php\/wp-json\/wp\/v2\/posts\/23569\/revisions\/23570"}],"wp:featuredmedia":[{"embeddable":true,"href":"https:\/\/www.sincomam.org.br\/index.php\/wp-json\/wp\/v2\/media\/18406"}],"wp:attachment":[{"href":"https:\/\/www.sincomam.org.br\/index.php\/wp-json\/wp\/v2\/media?parent=23569"}],"wp:term":[{"taxonomy":"category","embeddable":true,"href":"https:\/\/www.sincomam.org.br\/index.php\/wp-json\/wp\/v2\/categories?post=23569"},{"taxonomy":"post_tag","embeddable":true,"href":"https:\/\/www.sincomam.org.br\/index.php\/wp-json\/wp\/v2\/tags?post=23569"}],"curies":[{"name":"wp","href":"https:\/\/api.w.org\/{rel}","templated":true}]}}